{"id":1031,"date":"2020-03-21T15:00:00","date_gmt":"2020-03-21T14:00:00","guid":{"rendered":"https:\/\/www.sp2tmt.pl\/?p=1031"},"modified":"2025-01-08T10:01:43","modified_gmt":"2025-01-08T09:01:43","slug":"walne-zebranie-odwolane","status":"publish","type":"post","link":"https:\/\/www.sp2tmt.pl\/?p=1031","title":{"rendered":"Walne zebranie &#8211; odwo\u0142ane!"},"content":{"rendered":"\n<p><strong>Kole\u017canki i Koledzy<\/strong><br><strong>W zwi\u0105zku z sytuacj\u0105 sanitarno-epidemiologiczn\u0105 w kraju, kieruj\u0105c si\u0119 zarz\u0105dzeniami w\u0142adz administracyjnych i zaleceniami Prezesa PZK Zarz\u0105d Oddzia\u0142u PZK w Toruniu (OT-26) odwo\u0142uje zaplanowane na dzie\u0144 29 marca Walne Zebranie Sprawozdawcze Cz\u0142onk\u00f3w Oddzia\u0142u. Zebranie zorganizowane zostanie w p\u00f3\u017aniejszym terminie, o czym poinformujemy w oddzielnym komunikacie.<\/strong><br><strong>Zarz\u0105d OT-26<\/strong><br><\/p>\n","protected":false},"excerpt":{"rendered":"<p>Kole\u017canki i KoledzyW zwi\u0105zku z sytuacj\u0105 sanitarno-epidemiologiczn\u0105 w kraju, kieruj\u0105c si\u0119 zarz\u0105dzeniami w\u0142adz administracyjnych i zaleceniami Prezesa PZK Zarz\u0105d Oddzia\u0142u PZK w Toruniu (OT-26) odwo\u0142uje zaplanowane na dzie\u0144 29 marca Walne Zebranie Sprawozdawcze Cz\u0142onk\u00f3w Oddzia\u0142u. Zebranie zorganizowane zostanie w p\u00f3\u017aniejszym terminie, o czym poinformujemy w oddzielnym komunikacie.Zarz\u0105d OT-26<\/p>\n","protected":false},"author":1,"featured_media":0,"comment_status":"closed","ping_status":"open","sticky":false,"template":"","format":"standard","meta":{"ngg_post_thumbnail":0,"footnotes":""},"categories":[9],"tags":[],"class_list":["post-1031","post","type-post","status-publish","format-standard","hentry","category-aktualnosci"],"_links":{"self":[{"href":"https:\/\/www.sp2tmt.pl\/index.php?rest_route=\/wp\/v2\/posts\/1031","targetHints":{"allow":["GET"]}}],"collection":[{"href":"https:\/\/www.sp2tmt.pl\/index.php?rest_route=\/wp\/v2\/posts"}],"about":[{"href":"https:\/\/www.sp2tmt.pl\/index.php?rest_route=\/wp\/v2\/types\/post"}],"author":[{"embeddable":true,"href":"https:\/\/www.sp2tmt.pl\/index.php?rest_route=\/wp\/v2\/users\/1"}],"replies":[{"embeddable":true,"href":"https:\/\/www.sp2tmt.pl\/index.php?rest_route=%2Fwp%2Fv2%2Fcomments&post=1031"}],"version-history":[{"count":1,"href":"https:\/\/www.sp2tmt.pl\/index.php?rest_route=\/wp\/v2\/posts\/1031\/revisions"}],"predecessor-version":[{"id":1032,"href":"https:\/\/www.sp2tmt.pl\/index.php?rest_route=\/wp\/v2\/posts\/1031\/revisions\/1032"}],"wp:attachment":[{"href":"https:\/\/www.sp2tmt.pl\/index.php?rest_route=%2Fwp%2Fv2%2Fmedia&parent=1031"}],"wp:term":[{"taxonomy":"category","embeddable":true,"href":"https:\/\/www.sp2tmt.pl\/index.php?rest_route=%2Fwp%2Fv2%2Fcategories&post=1031"},{"taxonomy":"post_tag","embeddable":true,"href":"https:\/\/www.sp2tmt.pl\/index.php?rest_route=%2Fwp%2Fv2%2Ftags&post=1031"}],"curies":[{"name":"wp","href":"https:\/\/api.w.org\/{rel}","templated":true}]}}