{"id":1047,"date":"2020-04-20T09:00:49","date_gmt":"2020-04-20T08:00:49","guid":{"rendered":"https:\/\/www.sp2tmt.pl\/?p=1047"},"modified":"2025-01-08T10:01:37","modified_gmt":"2025-01-08T09:01:37","slug":"radiostacja-twierdzy-torun","status":"publish","type":"post","link":"https:\/\/www.sp2tmt.pl\/?p=1047","title":{"rendered":"Radiostacja Twierdzy Toru\u0144"},"content":{"rendered":"\n<p> W dzisiejszym artykule postaram si\u0119 zainteresowa\u0107 Was kolejn\u0105 ciekawostk\u0105  toru\u0144sk\u0105 zwi\u0105zan\u0105 z radiem. Niestety budowla ta nie dotrwa\u0142a do czas\u00f3w obecnych, pomimo, \u017ce przetrwa\u0142a II wojn\u0119 \u015bwiatow\u0105 i wielu mieszka\u0144c\u00f3w Torunia  pami\u0119ta t\u0105 charakterystyczn\u0105 bry\u0142\u0119 przy ulicy Warne\u0144czyka, niedaleko obecnego Placu Pokoju Toru\u0144skiego.<\/p>\n\n\n\n<figure class=\"wp-block-image size-large\"><img  title=\"\" decoding=\"async\" src=\"https:\/\/lh3.googleusercontent.com\/XIKUMU7qAVUBP4HcGMyYnU4BgfDa4oOHpRpLgK0C3F2AMxxVDPduCXJMeGTGjaFjraiNSnsxm4wMl5I4pmtD-15hktkcVGeZeYaPMfA8N8BH6GZULg9l0uoeAy8-Ac4d-QFbZ-T2Lv64wMxhQv1tez8GMF6M7iF2wbYtdMHOXFT9nTz3JnMJJStdNmtKOeTBMr3XJTXOIEil1_EVQY-tqUBnTcp-WYQXMwgcI4n_pm1LqE2ddeLpPsmcIruunN9u1MtAv20WxpD5ivuaGlKP0kEae4j7Za8bYEpm403iFiSLGXUDiBBxaWZEUH6tNKlvfPsatPx5HIoYwHUO-hh04xQO6P3ubQYAbNNa4tstCBtyLxdZCQxvOu10_83F7vdFfNB8FbxXAd-m6XKs7IctgxbJ62HgkoL5MOwsXlmF-qDEFumpbP31_aQ_f9fKQu3Fk7wj4p2-1OZ4cCYx8m5M662INcz0-_ECz6xC_cHA--sNwO2qj_7ysnvjfBUsIZoWUGAi4t0GxHFvdCpPo_ldvOhoKVy6wmcC-G8JLEUePhAFS0adJ4VlTNAetaJDdGzHTZnNVqu9MHsH7mjZDm8AXD7b9l9ecHoZhDQPOi0HKIO3Soc8zieZPAEeH0JyqiA88-lfMpvqm0NP4IWlr981cAJ42kfOnsgEWczUuft1Vm8FCh58RUZMNzMugWz52UahLvphihetwtbnevrTe5-tAtdRfnmNmIRXIFMv7zdGYGXL-ldQmgCegsQ=w400-h268-no?pageId=102777699476392018697\"  alt=\"XIKUMU7qAVUBP4HcGMyYnU4BgfDa4oOHpRpLgK0C3F2AMxxVDPduCXJMeGTGjaFjraiNSnsxm4wMl5I4pmtD-15hktkcVGeZeYaPMfA8N8BH6GZULg9l0uoeAy8-Ac4d-QFbZ-T2Lv64wMxhQv1tez8GMF6M7iF2wbYtdMHOXFT9nTz3JnMJJStdNmtKOeTBMr3XJTXOIEil1_EVQY-tqUBnTcp-WYQXMwgcI4n_pm1LqE2ddeLpPsmcIruunN9u1MtAv20WxpD5ivuaGlKP0kEae4j7Za8bYEpm403iFiSLGXUDiBBxaWZEUH6tNKlvfPsatPx5HIoYwHUO-hh04xQO6P3ubQYAbNNa4tstCBtyLxdZCQxvOu10_83F7vdFfNB8FbxXAd-m6XKs7IctgxbJ62HgkoL5MOwsXlmF-qDEFumpbP31_aQ_f9fKQu3Fk7wj4p2-1OZ4cCYx8m5M662INcz0-_ECz6xC_cHA--sNwO2qj_7ysnvjfBUsIZoWUGAi4t0GxHFvdCpPo_ldvOhoKVy6wmcC-G8JLEUePhAFS0adJ4VlTNAetaJDdGzHTZnNVqu9MHsH7mjZDm8AXD7b9l9ecHoZhDQPOi0HKIO3Soc8zieZPAEeH0JyqiA88-lfMpvqm0NP4IWlr981cAJ42kfOnsgEWczUuft1Vm8FCh58RUZMNzMugWz52UahLvphihetwtbnevrTe5-tAtdRfnmNmIRXIFMv7zdGYGXL-ldQmgCegsQ=w400-h268-no?pageId=102777699476392018697 Radiostacja Twierdzy Toru\u0144\" \/><\/figure>\n\n\n\n<figure class=\"wp-block-image size-large\"><img  title=\"\" decoding=\"async\" src=\"https:\/\/lh3.googleusercontent.com\/daQtem3Mbz4OoeWZZR8MguSFcwQmQ_Empa06aK1qcE7A8IBJpHdanvK8U_bxFQz8BWIiBCUC2IAZV9WtNrXtjb5PY8sE0bU5y455AIQ-X3-7Uf0A_NLoHUhQ2gusAp9YhGNqdT9br8V4TZOJKh5_1i0j5NOONKT6Vkub667YTjX6pVOgQrGfi2MGPNtpOr80A-LLgR14aclxDqZLWK66iIEuNkTiyW9mSyjkYgODY4Vy2ILZKrWfPWttwC9VPNpkq9uY_35BaIe2SDQx0tf5LvQ-vwr1WSypSr0djHgFg-5GVdfho9LwbAAKwo81RxGPla3bsulmeut14C-p5bseqCSzHcGh_fsCjvcjspNjipNkx0VztrOFXliyIQppe15zx-AfZdGlPXMmEwrJDg9Txp5wgd5R0ExM2f-GKxREgileLZQrXC2nioPq80HFpytpGmEKIeyjn9ZL3xlbrS1-lHcJVSUbPQlvJRIMQ0X4ZFqj_LY9IL86HOMxOu_l41Gr7VZEsrLUOp-qU-rR-AZMZpxrtnNp-3oHZ8J4KqcAU9SCWahYjIRVWc1bRDcuTPBwtJh9aMIixpPsD4PgNIAYfVgfynsR6SU87RZ0NDYOrxi2-ahVA5nTzL291LbTCZ2z5QTL9p8mSFjObUzz80rg1pfHSBYjT3_PZTbEkBeMfa2HovbJRWLbj7q1yyiNiyPbZKKARxdHzmPfCMdgYRMJIndl3iaCmzklg55DcWJ4mi48edrSBzY6wes=w597-h390-no?pageId=102777699476392018697\"  alt=\"daQtem3Mbz4OoeWZZR8MguSFcwQmQ_Empa06aK1qcE7A8IBJpHdanvK8U_bxFQz8BWIiBCUC2IAZV9WtNrXtjb5PY8sE0bU5y455AIQ-X3-7Uf0A_NLoHUhQ2gusAp9YhGNqdT9br8V4TZOJKh5_1i0j5NOONKT6Vkub667YTjX6pVOgQrGfi2MGPNtpOr80A-LLgR14aclxDqZLWK66iIEuNkTiyW9mSyjkYgODY4Vy2ILZKrWfPWttwC9VPNpkq9uY_35BaIe2SDQx0tf5LvQ-vwr1WSypSr0djHgFg-5GVdfho9LwbAAKwo81RxGPla3bsulmeut14C-p5bseqCSzHcGh_fsCjvcjspNjipNkx0VztrOFXliyIQppe15zx-AfZdGlPXMmEwrJDg9Txp5wgd5R0ExM2f-GKxREgileLZQrXC2nioPq80HFpytpGmEKIeyjn9ZL3xlbrS1-lHcJVSUbPQlvJRIMQ0X4ZFqj_LY9IL86HOMxOu_l41Gr7VZEsrLUOp-qU-rR-AZMZpxrtnNp-3oHZ8J4KqcAU9SCWahYjIRVWc1bRDcuTPBwtJh9aMIixpPsD4PgNIAYfVgfynsR6SU87RZ0NDYOrxi2-ahVA5nTzL291LbTCZ2z5QTL9p8mSFjObUzz80rg1pfHSBYjT3_PZTbEkBeMfa2HovbJRWLbj7q1yyiNiyPbZKKARxdHzmPfCMdgYRMJIndl3iaCmzklg55DcWJ4mi48edrSBzY6wes=w597-h390-no?pageId=102777699476392018697 Radiostacja Twierdzy Toru\u0144\" \/><\/figure>\n\n\n\n<p> Zdj\u0119cie aktualne tego samego miejsca \u2013 schron \u0142\u0105czno\u015bci zast\u0105pi\u0142y pawilony us\u0142ugowe oraz rozrastaj\u0105ca si\u0119 ziele\u0144 \u2013 fragment wi\u0119kszej ca\u0142o\u015bci.<\/p>\n\n\n\n<figure class=\"wp-block-image size-large\"><img  title=\"\" decoding=\"async\" src=\"https:\/\/lh3.googleusercontent.com\/daOQsg8zgy_u27kf3itFgVAXW5fu7lT7wmaQJCqAeXVbmPMNF8-zCpwGxvNRy3ATrKeO6F-XubrDc4qnIFquiQDumOfJYlfd7McOQcNWCxfjQqt6Dsmw3DrZgFCEu6ZvE9-JxsLT2mLdPNdP3YaC00tCiRQi7eSTHZR31xL-RFp5Qx28gy7n8-XG46In50L-m9Fnwe0u4vnHQL7yl2ygsdO02GmsDuAmXE_1XoOQnvwTCZse2iWg9sr5USvV8iKRi6ZdfWf2wInI2NEpqYNCTFmsDp7bAj8Z-jKdc5gy7rOSDSYhZcvdrl3Z9sZQEijUDGDnYsxYx7q1TO9nu8Nujj1HjwYi5l3G6_AbxOfcngWNQSyMW-VdPLhBHvcfBMgOFA7AJgEIwbDXLrgfr1WfyNPIZ5C71SLmtl8gJ4jMdm0uiPwqMYGhzy6NPOpY5WkE9mTSgIYTuXWdJOI1StX1ApEDJuQfopuLJCidtWTvzRKADN8JEkJ2Qod0M1PpiIa9NaptJLYxy3tblMt0L_b7fNBosRsDH8eN-HI8yUvZpSY7cFkOXry4nkCQs22x6NLgks96knCbbL-vfe-e5XUKbkeCNbomckkP_7I_iVz4OUwxhv_i_CYjo71Oo7o4OF23-XHFVSe4FtDjOVHsq2Kt4ZYTdhMswVduy93x78m11odajWDpd81BxsGmTzJTIJymnqdrrf4-UBz7dnw9edO6DUseVzHsRrspmTGVspaySOnNFgcd6xidrlE=w529-h329-no?pageId=102777699476392018697\"  alt=\"daOQsg8zgy_u27kf3itFgVAXW5fu7lT7wmaQJCqAeXVbmPMNF8-zCpwGxvNRy3ATrKeO6F-XubrDc4qnIFquiQDumOfJYlfd7McOQcNWCxfjQqt6Dsmw3DrZgFCEu6ZvE9-JxsLT2mLdPNdP3YaC00tCiRQi7eSTHZR31xL-RFp5Qx28gy7n8-XG46In50L-m9Fnwe0u4vnHQL7yl2ygsdO02GmsDuAmXE_1XoOQnvwTCZse2iWg9sr5USvV8iKRi6ZdfWf2wInI2NEpqYNCTFmsDp7bAj8Z-jKdc5gy7rOSDSYhZcvdrl3Z9sZQEijUDGDnYsxYx7q1TO9nu8Nujj1HjwYi5l3G6_AbxOfcngWNQSyMW-VdPLhBHvcfBMgOFA7AJgEIwbDXLrgfr1WfyNPIZ5C71SLmtl8gJ4jMdm0uiPwqMYGhzy6NPOpY5WkE9mTSgIYTuXWdJOI1StX1ApEDJuQfopuLJCidtWTvzRKADN8JEkJ2Qod0M1PpiIa9NaptJLYxy3tblMt0L_b7fNBosRsDH8eN-HI8yUvZpSY7cFkOXry4nkCQs22x6NLgks96knCbbL-vfe-e5XUKbkeCNbomckkP_7I_iVz4OUwxhv_i_CYjo71Oo7o4OF23-XHFVSe4FtDjOVHsq2Kt4ZYTdhMswVduy93x78m11odajWDpd81BxsGmTzJTIJymnqdrrf4-UBz7dnw9edO6DUseVzHsRrspmTGVspaySOnNFgcd6xidrlE=w529-h329-no?pageId=102777699476392018697 Radiostacja Twierdzy Toru\u0144\" \/><\/figure>\n\n\n\n<figure class=\"wp-block-image size-large\"><img  title=\"\" decoding=\"async\" src=\"https:\/\/lh3.googleusercontent.com\/j-x9NsrJmp67p3PDMt3Oy_Cd_HNn_8pjrlT_mYGfjTuHQVkEIGqcWkcKSLvqTVXshrImc8cmSeXzqKlIXlZrcwNpNkoALpemTj5889eXe6XoWZfIBHOFBrQo5YYsPnCUSwBtxIi7yrZyBrJ0gwTGN1Bu9ScT2p6gwD7ecBxejgBLjOoNpHx0ufhMNx2eXdld3HsK4vLkIihzvZZnrrMBuUSr6wjXQ2SHNK-hUoDOTjMCubvKNNWLBQeRi-lphLWcIRmkb5aXZBGxT6ZJVVBOeUgxBRkObU77wveo5TdXOQrKvZsfEMELzY2OD6UgevR9SQAUtKBp_i_5Qn68X_mrHkO803Nm9Na0nqIk0__XgchVIOTn1bqrjowhXxTTrL-ynu2timoZavg5JdZxoM33bItE_zJOoMzFcJ3EI28kvNU6eD8KIehnzTr_cHUCZYbRNlQ7MLe8JTQ7sYQRI_aFVSP9U7gvFEGvgo3in56DVYMeMW6ajkGvtcH6cG5xl8hiGpnGRoTwcICLulxSTUOf3G4KGtrqMwJaNycYh6k6_CJ6p_BIb62mHMXwzsr68LP52iiUyYTyrtmDW-_JFdb4ttGlb1wOTkfbAA645hAnLuMGkdX2PAJycwdvo4arIsfO1IVetrbhz6S6CjxutlFN76LkOCNp3zoCj53BXytAlMSPko2FX4KF50IaagXdwWuvKmDS6yES3hV0Ev-zFsAm2UNQYpBwxIfsO7PtFNNg3ziZ-yoYeJ46Sso=w597-h300-no?pageId=102777699476392018697\"  alt=\"j-x9NsrJmp67p3PDMt3Oy_Cd_HNn_8pjrlT_mYGfjTuHQVkEIGqcWkcKSLvqTVXshrImc8cmSeXzqKlIXlZrcwNpNkoALpemTj5889eXe6XoWZfIBHOFBrQo5YYsPnCUSwBtxIi7yrZyBrJ0gwTGN1Bu9ScT2p6gwD7ecBxejgBLjOoNpHx0ufhMNx2eXdld3HsK4vLkIihzvZZnrrMBuUSr6wjXQ2SHNK-hUoDOTjMCubvKNNWLBQeRi-lphLWcIRmkb5aXZBGxT6ZJVVBOeUgxBRkObU77wveo5TdXOQrKvZsfEMELzY2OD6UgevR9SQAUtKBp_i_5Qn68X_mrHkO803Nm9Na0nqIk0__XgchVIOTn1bqrjowhXxTTrL-ynu2timoZavg5JdZxoM33bItE_zJOoMzFcJ3EI28kvNU6eD8KIehnzTr_cHUCZYbRNlQ7MLe8JTQ7sYQRI_aFVSP9U7gvFEGvgo3in56DVYMeMW6ajkGvtcH6cG5xl8hiGpnGRoTwcICLulxSTUOf3G4KGtrqMwJaNycYh6k6_CJ6p_BIb62mHMXwzsr68LP52iiUyYTyrtmDW-_JFdb4ttGlb1wOTkfbAA645hAnLuMGkdX2PAJycwdvo4arIsfO1IVetrbhz6S6CjxutlFN76LkOCNp3zoCj53BXytAlMSPko2FX4KF50IaagXdwWuvKmDS6yES3hV0Ev-zFsAm2UNQYpBwxIfsO7PtFNNg3ziZ-yoYeJ46Sso=w597-h300-no?pageId=102777699476392018697 Radiostacja Twierdzy Toru\u0144\" \/><\/figure>\n\n\n\n<p> oni\u017cej zdj\u0119cie okolicy Placu Pokoju Toru\u0144skiego z zaznaczonym miejscem (czerwony okr\u0105g),  w kt\u00f3rym znajdowa\u0142 si\u0119 schron radiostacji Twierdzy Toru\u0144 \u2013 obok dzisiejszego TESCO.<\/p>\n\n\n\n<figure class=\"wp-block-image size-large\"><img  title=\"\" decoding=\"async\" src=\"https:\/\/lh3.googleusercontent.com\/2OIaGVbna98H_49y9GA263EkUfshVY2MLe1ppFKTDZls7agHZzk3MNEN2B_VQirFE0Gf9XM4jHjNofHBWS5TeoV-9Og2rp2-e0bDlKlqO1vUx0jBQDVmOeGWHiA3oE1fXw-iVQinyfCFtmyJxb8UAWTxt8atWRCT08q4mtulMu9A0fKzZdX9WYEMClRrEAn1kefeROkh8-K6w1GzTvrH9RWecDkQ8Hjsa-9OLAfZQtu65juQWVvFTYnKvM_ig7UENylZcwtpNqdH7a-aPjsWqYstpyhN2BXaGZJ7rf-9IGkby8v89OFdnq2b9fGTQsZn23VvNT3Hslxe2f1YsyFWLYzNj4N1DGuCtJ9jFnKqJ-mU9_0V9NKOVl3NSZxkakyaKjGq0wKmkmL3BUioxyIXTrgUXr8FpUZdQ2GGuC1hj-FBNbnRW1g4krn2gehGlA6lUSDqLGOXu6C__l-2mpLWWQv9FGbf2fQ-JYIFuk51hJ6v45EgrrntwtduKbmolVVm9uoaJSpJhJdohyGdfZBZjug2jhVDajN9B2Mw-PTK6wfaTW7DAsanWothxCppB_hD0L9319V4zoyKOdsn7Qhx6nLjTlriKrDzcDW7OLkX9_Ihh7Q6Kv9wla1P30o-jRpCP8whTy8_6FneTgsQa24sK2mqMUDy9ImLdR4Vm1fHqZkDvhxrfb4YVYJsw4dVqFeyPktOmYR2zS1Ff6mHHdh-0Y1comOyaBKlIZUv-g473ioyY8yWZ5CePx4=w597-h393-no?pageId=102777699476392018697\"  alt=\"2OIaGVbna98H_49y9GA263EkUfshVY2MLe1ppFKTDZls7agHZzk3MNEN2B_VQirFE0Gf9XM4jHjNofHBWS5TeoV-9Og2rp2-e0bDlKlqO1vUx0jBQDVmOeGWHiA3oE1fXw-iVQinyfCFtmyJxb8UAWTxt8atWRCT08q4mtulMu9A0fKzZdX9WYEMClRrEAn1kefeROkh8-K6w1GzTvrH9RWecDkQ8Hjsa-9OLAfZQtu65juQWVvFTYnKvM_ig7UENylZcwtpNqdH7a-aPjsWqYstpyhN2BXaGZJ7rf-9IGkby8v89OFdnq2b9fGTQsZn23VvNT3Hslxe2f1YsyFWLYzNj4N1DGuCtJ9jFnKqJ-mU9_0V9NKOVl3NSZxkakyaKjGq0wKmkmL3BUioxyIXTrgUXr8FpUZdQ2GGuC1hj-FBNbnRW1g4krn2gehGlA6lUSDqLGOXu6C__l-2mpLWWQv9FGbf2fQ-JYIFuk51hJ6v45EgrrntwtduKbmolVVm9uoaJSpJhJdohyGdfZBZjug2jhVDajN9B2Mw-PTK6wfaTW7DAsanWothxCppB_hD0L9319V4zoyKOdsn7Qhx6nLjTlriKrDzcDW7OLkX9_Ihh7Q6Kv9wla1P30o-jRpCP8whTy8_6FneTgsQa24sK2mqMUDy9ImLdR4Vm1fHqZkDvhxrfb4YVYJsw4dVqFeyPktOmYR2zS1Ff6mHHdh-0Y1comOyaBKlIZUv-g473ioyY8yWZ5CePx4=w597-h393-no?pageId=102777699476392018697 Radiostacja Twierdzy Toru\u0144\" \/><\/figure>\n\n\n\n<p> Ten sam obiekt fortyfikacyjny, ale zdj\u0119cie z okresu mi\u0119dzywojennego, widoczne dwa maszty (z obu stron fortyfikacji, pomi\u0119dzy kt\u00f3rymi by\u0142a rozwieszona antena w kszta\u0142cie litery T). G\u00f3rna cz\u0119\u015b\u0107 zdj\u0119cia wyznacza geograficzny kierunek po\u0142udniowy (rzeka Wis\u0142a).  <\/p>\n\n\n\n<p>\nWidoczny\nprzy lewym skraju dym z parowozu to jad\u0105cy od Dworca Toru\u0144 Miasto \nw kierunku Dworca Toru\u0144 Wschodni ( z po\u0142udnia na p\u00f3\u0142nocny wsch\u00f3d\npoci\u0105g \u2013 tor kolejowy istnieje do dnia dzisiejszego ;-))).\nWidoczna droga przebiega\u0142a z drugiej strony schronu, oddziela\u0142a\nfortyfikacj\u0119 od placu zbi\u00f3rek,  \u0107wicze\u0144 \u2013 widoczne s\u0105 sylwetki\n\u017co\u0142nierzy w ugrupowaniu marszowymi i rozwini\u0119tym.<\/p>\n\n\n\n<figure class=\"wp-block-image size-large\"><img  title=\"\" decoding=\"async\" src=\"https:\/\/lh3.googleusercontent.com\/-F7duznM8Ftg_P41pXvmSazNc3hMFyGxipRqEbR7qQ-F-_yVbvAP3LGiIQY-Moe6817-_KN0T9MZwcCxoN99Xwa5yCoiEu4TmSUSHqWJomop_xKAYIdlFF7Tq_aWq12O9ZGwk-q7tLOz4t0AItg8YgdNywKJblNNdo7cTu2nO_hW8HpWSxuTHkL0V2aAk2yONezlr68V3lDGInsNayP42PEkaaKpHnI6H4b5D6dbci7SKmzj66BNWbmVe4DG3rULsVcnU30L8NSX8lEoWQFkKuIU8uyCRqG0AJNjzHhQP3BYPZ5_jzDGFMUGKZ3mEeCkNLX7HFnACWfCQx9_0nqELZzU8Ac3-xIfBm3ZDyn8HaVrL8mAyhHLKCT15Zii8ln6RjybAufevoJdbPpY3kQlfzVr_G6aNNMuh8tTcm7_aa85ATpeNwbMs4VXZAUO2V_Zs0vAgEwd453yGADCJ4lsH8COrTbqKunNt87rTNV_O-s7ruqA5P4H5xfJXoXojLVpqv0mVQSUKn-fdCCuZXPN738rrtn5ewTNby6Pmaoh5QJ2IuncAstArg4haXWf1iN54NX5K-awnp2r8euVxsGCpRPQOoonrNOz48qKac7smdks9bywKk2PGoK35xzjpztQz_oAMRCFdz_pk4Pm5lNkgQnrltw0JVg5SVFeeORi0tQQcD3I5BnhNlCKZIKQ8Sb4AH0GKbfhqSDgel7DuMBOnAw9_3vDHq0MzgSoSLnA0d7z6bC8AZ8JS-I=w597-h400-no?pageId=102777699476392018697\"  alt=\"-F7duznM8Ftg_P41pXvmSazNc3hMFyGxipRqEbR7qQ-F-_yVbvAP3LGiIQY-Moe6817-_KN0T9MZwcCxoN99Xwa5yCoiEu4TmSUSHqWJomop_xKAYIdlFF7Tq_aWq12O9ZGwk-q7tLOz4t0AItg8YgdNywKJblNNdo7cTu2nO_hW8HpWSxuTHkL0V2aAk2yONezlr68V3lDGInsNayP42PEkaaKpHnI6H4b5D6dbci7SKmzj66BNWbmVe4DG3rULsVcnU30L8NSX8lEoWQFkKuIU8uyCRqG0AJNjzHhQP3BYPZ5_jzDGFMUGKZ3mEeCkNLX7HFnACWfCQx9_0nqELZzU8Ac3-xIfBm3ZDyn8HaVrL8mAyhHLKCT15Zii8ln6RjybAufevoJdbPpY3kQlfzVr_G6aNNMuh8tTcm7_aa85ATpeNwbMs4VXZAUO2V_Zs0vAgEwd453yGADCJ4lsH8COrTbqKunNt87rTNV_O-s7ruqA5P4H5xfJXoXojLVpqv0mVQSUKn-fdCCuZXPN738rrtn5ewTNby6Pmaoh5QJ2IuncAstArg4haXWf1iN54NX5K-awnp2r8euVxsGCpRPQOoonrNOz48qKac7smdks9bywKk2PGoK35xzjpztQz_oAMRCFdz_pk4Pm5lNkgQnrltw0JVg5SVFeeORi0tQQcD3I5BnhNlCKZIKQ8Sb4AH0GKbfhqSDgel7DuMBOnAw9_3vDHq0MzgSoSLnA0d7z6bC8AZ8JS-I=w597-h400-no?pageId=102777699476392018697 Radiostacja Twierdzy Toru\u0144\" \/><\/figure>\n\n\n\n<p>\nObiekt\nzosta\u0142 wybudowany w latach 1912 \u2013 1914 w ramach sieci obiekt\u00f3w na\nterenie Cesarstwa Niemieckiego. Podobne obiekty wybudowano m.in.  w\nPoznaniu, Grudzi\u0105dzu, Lidzbarku Warmi\u0144skim, Kr\u00f3lewcu. Toru\u0144ska\nradiostacja pracowa\u0142a w tzw. sieci radiowej, zabezpieczaj\u0105c\n\u0142\u0105czno\u015b\u0107 pomi\u0119dzy Berlinem a Kr\u00f3lewcem. S\u0142u\u017cy\u0142a te\u017c innym\ncelom, ale o tym za chwil\u0119 \u2026<\/p>\n\n\n\n<p>\nJak\npodaj\u0105 r\u00f3\u017cne \u017ar\u00f3d\u0142a konstrukcja  schronu radiostacji wykonana\nby\u0142a  ze wzmocnionego betonu (o czym przekonano si\u0119 przy pr\u00f3bie\njego rozbi\u00f3rki ;-))) ). Grubo\u015b\u0107 strop\u00f3w dochodzi\u0142a do 3,5 m. \nPosiada\u0142 trzy niezale\u017cne \u017ar\u00f3d\u0142a zaopatrzenia w wod\u0119 (miejski\nwodoci\u0105g, studnia g\u0142\u0119binowa oraz cysterny z wod\u0105 wewn\u0105trz\nobiektu). Woda s\u0142u\u017cy\u0142a do cel\u00f3w spo\u017cywczych jak r\u00f3wnie\u017c do\nch\u0142odzenia lamp nadawczych. Pomieszczenie nadawczo-odbiorcze\nwyklejone by\u0142o korkiem. Posiada\u0142 wiele unikatowych rozwi\u0105za\u0144. Moc\nwypromieniowanego sygna\u0142u to ok. 1,5 kW. Wi\u0119cej danych w artyku\u0142ach\npod linkami ;-))).<\/p>\n\n\n\n<p>\nW\nstyczniu 1929 roku wojska pruskie opuszczaj\u0105c Toru\u0144 wywioz\u0142y ca\u0142e\nwyposa\u017cenie radiostacji.  Trudno w chwili obecnej jednoznacznie\nokre\u015bli\u0107 co si\u0119 z nim dzia\u0142o w p\u00f3\u017aniejszym czasie. Na pewno by\u0142\nwykorzystywany przez stacjonuj\u0105ce w Toruniu oddzia\u0142y wojskowe. W\nzwi\u0105zku z brakiem gospodarza obiekt  podupada\u0142 . Przetrwa\u0142 II\nwojn\u0119 \u015bwiatow\u0105. S\u0142u\u017cy\u0142 za miejsce zabaw i wypad\u00f3w dla wielu\npokole\u0144 toru\u0144skich wagabund\u00f3w.  W wyniku prowadzonych rozm\u00f3w\nobiekt mieli otrzyma\u0107 toru\u0144scy kr\u00f3tkofalowcy na siedzib\u0119 oddzia\u0142u\nwojew\u00f3dzkiego PZK i klub\u00f3w kr\u00f3tkofalarskich. W zwi\u0105zku z\nrozbudow\u0105 uk\u0142adu komunikacyjnego Torunia, zasypaniem wi\u0119kszego\nzbiornika wodnego \u2013 du\u017cego stawu Kaszownik w latach 1978\/79 \npodj\u0119to decyzj\u0119 o rozebraniu  schronu w ramach czynu m\u0142odzie\u017cowego.\n Schron opar\u0142 si\u0119 jednak wysi\u0142kowi spo\u0142ecznemu m\u0142odzie\u017cy, w\nzwi\u0105zku z tym si\u0119gni\u0119to po bardziej drastyczne \u015brodki \u2013\nmateria\u0142y wybuchowej. Specjali\u015bci z toru\u0144skiej :\u201dGeofizyki\u201d\nprzy wykorzystaniu ma\u0142ych \u0142adunk\u00f3w wybuchowych (ze wzgl\u0119du na\nstoj\u0105ce obok bloki mieszkaniowe) po kawa\u0142ku doprowadzili do\nznikni\u0119cia z powierzchni ziemi schronu radiostacji Twierdzy Toru\u0144\n\uf04c.\n Zasypano doln\u0105 kondygnacj\u0119 (ze zbiornikami na wod\u0119 i paliwo.\nPodobno przy pawilonach mo\u017cna znale\u017a\u0107 jeszcze fragmenty betonowe\nkonstrukcji otoczenia schronu. \n<\/p>\n\n\n\n<p>\nI\ntak dobieg\u0142a do ko\u0144ca toru\u0144ska  historia pruskiej wojskowej\nradiostacji.<\/p>\n\n\n\n<p>\nNiewiele\nos\u00f3b wie, \u017ce radiostacja i jej dobrze wyszkolony personel odegra\u0142a\n istotn\u0105 rol\u0119 w czasie pierwszej wojny \u015bwiatowej (1914- 1918).\nWydatnie przyczyni\u0142a si\u0119 do zwyci\u0119stwa armii pruskiej w bitwie pod\nTannenbergiem,  w kt\u00f3rej 8 Armia cesarstwa niemieckiego dowodzona\nprzez \u00f3wczesnego gen. Paula von Hindenburga (p\u00f3\u017aniejszego\nfeldmarsza\u0142ka i kanclerza Rzeszy) oraz gen. Ericha Ludendorffa\n(pe\u0142ni\u0105cego obowi\u0105zki szefa sztabu)  rozgromi\u0142a 2 Armi\u0119 wojsk\ncarskich dowodzon\u0105 przez gen. Aleksandra Samsonowa oraz mocni\nos\u0142abi\u0142a           i pozbawi\u0142a mo\u017cliwo\u015bci dzia\u0142ania  1 Armi\u0119\nwojsk carskich dowodzon\u0105 przez gen. Paula von Ronnenkampfa.<\/p>\n\n\n\n<p>\nOt\u00f3\u017c\nzadaniem kompanii \u0142\u0105czno\u015bci, kt\u00f3ra stanowi\u0142a za\u0142og\u0119\/obs\u0142ug\u0119 \nradiostacji by\u0142o opr\u00f3cz utrzymywania \u0142\u0105czno\u015bci (radiowej i\ntelefonicznej) pomi\u0119dzy w\u0142asnymi oddzia\u0142ami prowadzenie nas\u0142uchu\n\u0142\u0105czno\u015bci prowadzonej przez nieprzyjaciela.  W drugiej po\u0142owie \nsierpnia 1914 roku obs\u0142udze radiostacji toru\u0144skiej uda\u0142o si\u0119\nprzechwyci\u0107 nieszyfrowane depesze ze sztabu wojsk carskich z\nrozkazami dla jednostek frontowych. Przy umiej\u0119tnym wykorzystaniu\ntych wiadomo\u015bci oraz wprowadzeniu w b\u0142\u0105d Rosjan  poprzez wys\u0142anie\nfa\u0142szywych telegram\u00f3w do wojsk w\u0142asnych uda\u0142o si\u0119 Hindenburgowi\nprzygotowa\u0107 manewr przeciwuderzenia na 1 i 2 Armi\u0119 wojsk carskich.\nB\u0142\u0119dy w dowodzeniu wojskami carskimi, dezinformacja w systemie\n\u0142\u0105czno\u015bci, umiej\u0119tny manewr wojskami doprowadzi\u0142 do zwyci\u0119stwa\narmii pruskiej nad wojskami carskimi. Do niewoli wzi\u0119to 92 ty\u015b.\nje\u0144c\u00f3w rosyjskich, ogromn\u0105 ilo\u015b\u0107 sprz\u0119tu wojskowego.<\/p>\n\n\n\n<p>\nOgromn\u0105\nrol\u0119 w tym zwyci\u0119stwie odegra\u0142y zdobyte w wyniku umiej\u0119tnego\nnas\u0142uchu radiogramy i depesze, kt\u00f3re umo\u017cliwi\u0142y zaplanowanie\nca\u0142ej operacji, kt\u00f3ra z odwrotu po przegranej bitwie pod  G\u0105binem\n(niem. Gumbinnen)  przerodzi\u0142a si\u0119 w najwi\u0119ksze zwyci\u0119stwo wojsk\npruskich. W pobli\u017cu pola bitwy prusacy zbudowali w latach 1924-27\ntzw. Tannenberg Denkmal czyli pomnik\/mauzoleum  bitwy pod\nTannenbergiem. \n<\/p>\n\n\n\n<p>\nWarto\nprzypomni\u0107, \u017ce w historii niemieckiej wojskowo\u015bci istniej\u0105 dwie\nbitwy pod Tannenbergiem ( po polsku \u2013 pod St\u0119barkiem, niedaleko\nGrunwaldu ;-))):<\/p>\n\n\n\n<p>&#8211;\npierwsza, rozegrana w roku 1410 \u2013 zako\u0144czona zwyci\u0119stwem wojsk\npolsko-rusko-litewskich nad wojskami krzy\u017cackimi; a pro po to pod\nGrunwaldem po stronie pa\u0144stwa zakonnego walczy\u0142a m.in. chor\u0105giew\ntoru\u0144ska ;-)))<\/p>\n\n\n\n<p>&#8211;\ndruga tzw. bitwa pod Tannenbergiem to ta z sierpnia 1914 roku,\nzako\u0144czona zwyci\u0119stwem armii pruskiej nad wojskami carskimi;<\/p>\n\n\n\n<p>\nZe\nwzgl\u0119d\u00f3w propagandowych Niemcom zale\u017ca\u0142o na nag\u0142o\u015bnieniu tego\nzwyci\u0119stwa ( jako rewan\u017cu za 1410 rok), dlatego odwo\u0142ali si\u0119 do\nhistorycznej nazwy Tannenberg.  W latach 1924-27 wybudowali\nnajwi\u0119ksze na terenie Rzeczy mauzoleum,  w kt\u00f3rym po \u015bmierci w\n1935 roku uroczy\u015bcie pochowano Hindenburga wraz  z jego ma\u0142\u017conk\u0105.\n  W 1939 roku na 25 rocznic\u0119 bitwy pod Tannenbergiem w pobli\u017cu\nmauzoleum oddano do u\u017cytku ob\u00f3z dla uczestnik\u00f3w zlotu, kt\u00f3ry m\u00f3g\u0142\npomie\u015bci\u0107 ok. 50 ty\u015b. os\u00f3b.   Nomen omen w obozie tym we wrze\u015bniu\nurz\u0105dzono Stalag IB  Hohenstein dla szeregowych i podoficer\u00f3w  \u2013\npierwsi je\u0144cy polscy trafili tu z bitwy pod M\u0142aw\u0105, potem je\u0144cy\nfrancuscy, belgijscy, rosyjscy, ludno\u015b\u0107 pochodzenia \u017cydowskiego. W\nobozie traktowanym jako przej\u015bciowy zgin\u0119\u0142o na skutek g\u0142odu i\nchor\u00f3b ok. 50 ty\u015b. os\u00f3b.                                          \n                               \n<\/p>\n\n\n\n<p>\nMauzoleum\nzosta\u0142o wysadzone   w styczniu 1945 roku  przez wycofuj\u0105ce si\u0119\noddzia\u0142y niemieckie, ale to ju\u017c inna historia \u2026.        \n<\/p>\n\n\n\n<p>\nPoni\u017cej\nzdj\u0119cie podobnego, dwukondygnacyjnego schronu \u0142\u0105czno\u015bci  Twierdzy\nGrudzi\u0105dz, wybudowanego w 1913 roku. Znajduje si\u0119 on w pobli\u017cu\ngrudzi\u0105dzkiej Cytadeli, by\u0142 wykorzystywany w okresie powojennym\nprzez jednostki radiotechniczne Wojska Polskiego. Obecnie jest to\nteren w r\u0119kach prywatnych. NW niedu\u017cej odleg\u0142o\u015bci od schronu w\nkierunku p\u00f3lnocnym znajdowa\u0142 si\u0119 ok. 100 m wysoko\u015bci maszt\nradiowy.<\/p>\n\n\n\n<figure class=\"wp-block-image size-large\"><img  title=\"\" decoding=\"async\" src=\"https:\/\/lh3.googleusercontent.com\/Y_ksmJLKescv2QalQSDN1LtG5e2MDpSO_-nivD3SJeGEMjgfn8FfuAGwVOYMTqQhOyHMfddpnpGbeeyvc1D28sqVJubaNRujFray_plp4GCKa6RAYHLSJx-bNXUbU__PamtJKd6iVPbzr-Z-QefMBdIRXd6DvcreTGW97nY3BH_r8MADQVnZhXNNlFdUuQ6gaaj_iQX043pm7eldSr49kjZe8VFPxzGk2pDP-aYtdoGUICuU4MisTgZyvt_GJFfUpq_ST48E42BiFHFE1eaC5xYRY8dgHZnKb9Ig5mt7K4houSEcZz35CK3HuwWn2Qb_xxR2IAj3CgJTgiHgcPbOwOCmZGs5n_gTy_OBLTiNweZuOxJY7ToFMPLaqxNEbLojAT_s7kmgj-h1KUwXRB0ED9FkzENhbrUXVbH3tuSzmbJ15WmFAQjaRQ8rErQGv6wtz1S7WvgWwLgwUFNJYANMWWlKGdhbN124JYwuTaLOckHZ87w5Hdg4pjfeRcywMHlCnnJpM4AetgaoTn2HFwKQf7m5Cm9q7ReV6bfDRAPfeZhOUC8EdHQ3E0Qd2jZqWbbuPOYDcPyP-mTNcX6Dts32U93sxphSZ2W6ryD_wUjncg4medVCbZtRkyKHDrCl285Yp9yCMkA96V73BV2h2VxpzyCgTTaZOTa5gAsHHZrnKniU_JGua-oUdczPDO__soYMX0Zr9uLyUGNfqppbGPb6NWRYYQhPA6lcjdIN8o23pSKCmhUdPn2D6oc=w597-h368-no?pageId=102777699476392018697\"  alt=\"Y_ksmJLKescv2QalQSDN1LtG5e2MDpSO_-nivD3SJeGEMjgfn8FfuAGwVOYMTqQhOyHMfddpnpGbeeyvc1D28sqVJubaNRujFray_plp4GCKa6RAYHLSJx-bNXUbU__PamtJKd6iVPbzr-Z-QefMBdIRXd6DvcreTGW97nY3BH_r8MADQVnZhXNNlFdUuQ6gaaj_iQX043pm7eldSr49kjZe8VFPxzGk2pDP-aYtdoGUICuU4MisTgZyvt_GJFfUpq_ST48E42BiFHFE1eaC5xYRY8dgHZnKb9Ig5mt7K4houSEcZz35CK3HuwWn2Qb_xxR2IAj3CgJTgiHgcPbOwOCmZGs5n_gTy_OBLTiNweZuOxJY7ToFMPLaqxNEbLojAT_s7kmgj-h1KUwXRB0ED9FkzENhbrUXVbH3tuSzmbJ15WmFAQjaRQ8rErQGv6wtz1S7WvgWwLgwUFNJYANMWWlKGdhbN124JYwuTaLOckHZ87w5Hdg4pjfeRcywMHlCnnJpM4AetgaoTn2HFwKQf7m5Cm9q7ReV6bfDRAPfeZhOUC8EdHQ3E0Qd2jZqWbbuPOYDcPyP-mTNcX6Dts32U93sxphSZ2W6ryD_wUjncg4medVCbZtRkyKHDrCl285Yp9yCMkA96V73BV2h2VxpzyCgTTaZOTa5gAsHHZrnKniU_JGua-oUdczPDO__soYMX0Zr9uLyUGNfqppbGPb6NWRYYQhPA6lcjdIN8o23pSKCmhUdPn2D6oc=w597-h368-no?pageId=102777699476392018697 Radiostacja Twierdzy Toru\u0144\" \/><\/figure>\n\n\n\n<p>\nWi\u0119cej\ninformacji i zdj\u0119\u0107 dot. radiostacji Twierdzy Toru\u0144 mo\u017cecie\nznale\u017a\u0107 pod  linkami:<\/p>\n\n\n\n<p><a href=\"http:\/\/www.torun.fortyfikacje.pl\/index.php?id=twierdza\/stare_radio\">http:\/\/www.torun.fortyfikacje.pl\/index.php?id=twierdza\/stare_radio<\/a><\/p>\n\n\n\n<p><a href=\"http:\/\/szymon-spandowski.blogspot.com\/2013\/01\/radiowy-gos-z-torunia.html\">http:\/\/szymon-spandowski.blogspot.com\/2013\/01\/radiowy-gos-z-torunia.html<\/a><\/p>\n\n\n\n<figure class=\"wp-block-embed-wordpress wp-block-embed is-type-wp-embed is-provider-wnet-fm\"><div class=\"wp-block-embed__wrapper\">\n<blockquote class=\"wp-embedded-content\" data-secret=\"s81r8GJ30b\"><a href=\"https:\/\/wnet.fm\/kurier\/radiowywiad-w-i-wojnie-swiatowej-w-bitwie-pod-tannenbergiem-po-raz-pierwszy-swiadomie-uzyto-dezinformacji-w-eterze\/\">Radiowywiad w I wojnie \u015bwiatowej. W bitwie pod Tannenbergiem po raz pierwszy \u015bwiadomie u\u017cyto dezinformacji w eterze<\/a><\/blockquote><iframe loading=\"lazy\" class=\"wp-embedded-content\" sandbox=\"allow-scripts\" security=\"restricted\" style=\"position: absolute; visibility: hidden;\" title=\"&#8222;Radiowywiad w I wojnie \u015bwiatowej. W bitwie pod Tannenbergiem po raz pierwszy \u015bwiadomie u\u017cyto dezinformacji w eterze&#8221; &#8212; WNET.fm\" src=\"https:\/\/wnet.fm\/kurier\/radiowywiad-w-i-wojnie-swiatowej-w-bitwie-pod-tannenbergiem-po-raz-pierwszy-swiadomie-uzyto-dezinformacji-w-eterze\/embed\/#?secret=dUa2Mmbs7Y#?secret=s81r8GJ30b\" data-secret=\"s81r8GJ30b\" width=\"600\" height=\"338\" frameborder=\"0\" marginwidth=\"0\" marginheight=\"0\" scrolling=\"no\"><\/iframe>\n<\/div><\/figure>\n\n\n\n<p>oraz\nw kilku publikacjach dot. fortyfikacji Pomorza ;-))<\/p>\n\n\n\n<p>Mi\u0142ej\nlektury,  Mariusz sq2bnm.<\/p>\n","protected":false},"excerpt":{"rendered":"<p>W dzisiejszym artykule postaram si\u0119 zainteresowa\u0107 Was kolejn\u0105 ciekawostk\u0105 toru\u0144sk\u0105 zwi\u0105zan\u0105 z radiem. Niestety budowla ta nie dotrwa\u0142a do czas\u00f3w obecnych, pomimo, \u017ce przetrwa\u0142a II wojn\u0119 \u015bwiatow\u0105 i wielu mieszka\u0144c\u00f3w Torunia pami\u0119ta t\u0105 charakterystyczn\u0105 bry\u0142\u0119 przy ulicy Warne\u0144czyka, niedaleko obecnego Placu Pokoju Toru\u0144skiego. Zdj\u0119cie aktualne tego samego miejsca \u2013 schron \u0142\u0105czno\u015bci zast\u0105pi\u0142y pawilony us\u0142ugowe oraz [&hellip;]<\/p>\n","protected":false},"author":1,"featured_media":0,"comment_status":"closed","ping_status":"open","sticky":false,"template":"","format":"standard","meta":{"ngg_post_thumbnail":0,"footnotes":""},"categories":[9],"tags":[],"class_list":["post-1047","post","type-post","status-publish","format-standard","hentry","category-aktualnosci"],"_links":{"self":[{"href":"https:\/\/www.sp2tmt.pl\/index.php?rest_route=\/wp\/v2\/posts\/1047","targetHints":{"allow":["GET"]}}],"collection":[{"href":"https:\/\/www.sp2tmt.pl\/index.php?rest_route=\/wp\/v2\/posts"}],"about":[{"href":"https:\/\/www.sp2tmt.pl\/index.php?rest_route=\/wp\/v2\/types\/post"}],"author":[{"embeddable":true,"href":"https:\/\/www.sp2tmt.pl\/index.php?rest_route=\/wp\/v2\/users\/1"}],"replies":[{"embeddable":true,"href":"https:\/\/www.sp2tmt.pl\/index.php?rest_route=%2Fwp%2Fv2%2Fcomments&post=1047"}],"version-history":[{"count":2,"href":"https:\/\/www.sp2tmt.pl\/index.php?rest_route=\/wp\/v2\/posts\/1047\/revisions"}],"predecessor-version":[{"id":1050,"href":"https:\/\/www.sp2tmt.pl\/index.php?rest_route=\/wp\/v2\/posts\/1047\/revisions\/1050"}],"wp:attachment":[{"href":"https:\/\/www.sp2tmt.pl\/index.php?rest_route=%2Fwp%2Fv2%2Fmedia&parent=1047"}],"wp:term":[{"taxonomy":"category","embeddable":true,"href":"https:\/\/www.sp2tmt.pl\/index.php?rest_route=%2Fwp%2Fv2%2Fcategories&post=1047"},{"taxonomy":"post_tag","embeddable":true,"href":"https:\/\/www.sp2tmt.pl\/index.php?rest_route=%2Fwp%2Fv2%2Ftags&post=1047"}],"curies":[{"name":"wp","href":"https:\/\/api.w.org\/{rel}","templated":true}]}}