{"id":1670,"date":"2021-08-17T12:51:07","date_gmt":"2021-08-17T11:51:07","guid":{"rendered":"https:\/\/www.sp2tmt.pl\/?p=1670"},"modified":"2025-01-08T10:00:02","modified_gmt":"2025-01-08T09:00:02","slug":"swieto-wojska-polskiego-piknik-militarny-w-muzeum-artylerii-w-toruniu","status":"publish","type":"post","link":"https:\/\/www.sp2tmt.pl\/?p=1670","title":{"rendered":"\u015awi\u0119to Wojska Polskiego &#8211; Piknik Militarny w Muzeum Artylerii w Toruniu"},"content":{"rendered":"\n<p>W niedziel\u0119 15 sierpnia z okazji \u015awi\u0119ta Wojska Polskiego\nna terenie Muzeum Artylerii w Toruniu zorganizowany zosta\u0142 Piknik\nMilitarny.&nbsp; Jako kr\u00f3tkofalowcy,\ncz\u0142onkowie Klubu Kr\u00f3tkofalowc\u00f3w PZK OSA przy ToMiTo dzia\u0142aj\u0105cego na terenie\nMuzeum w\u0142\u0105czyli\u015bmy si\u0119 aktywnie w przygotowanie i przebieg tej imprezy. Co\nprawda na czas imprezy musieli\u015bmy zdemontowa\u0107 cz\u0119\u015b\u0107 anten, kt\u00f3re normalnie\nrozstawione by\u0142y na miejscu pikniku, ale potraktowali\u015bmy to jako prace\nantenowe, tym bardziej, \u017ce u\u017cyte maszty w pe\u0142ni pozwalaj\u0105 na tzw. prac\u0119\nterenow\u0105, czyli szybki monta\u017c i demonta\u017c maszt\u00f3w i anten.<\/p>\n\n\n\n<p>Ilo\u015b\u0107 uczestnik\u00f3w Pikniku (grup prezentuj\u0105cych sw\u00f3j sprz\u0119t, mo\u017cliwo\u015bci) by\u0142a naprawd\u0119 spora, tak wi\u0119c odwiedzaj\u0105cy nasz\u0105 imprez\u0119 mieszka\u0144cy Torunia mieli co ogl\u0105da\u0107. Oczywi\u015bcie najwi\u0119cej by\u0142o sprz\u0119tu wojskowego (historycznego i wsp\u00f3\u0142czesnego) prezentowanego przez Centrum Szkolenia Artylerii i Uzbrojenia w Toruniu, Muzeum Artylerii, przedstawicieli WOT, grupy rekonstrukcyjne w tym silna ekipa ze stowarzyszenia \u201eMilitary Moto&amp;Klasik Moto Toru\u0144 <br> i okolice\u201d, grupa prezentuj\u0105cego Wiking\u00f3w,\u00a0 Nadwi\u015bla\u0144ski Oddzia\u0142 Stra\u017cy Granicznej w Bydgoszczy, Inspektorat S\u0142u\u017cby Wi\u0119ziennej w Bydgoszczy, Pa\u0144stwowa Stra\u017c Po\u017carna, Stra\u017c Miejska, funkcjonariusze Policji z pojazdami specjalistycznymi, motocyklami, psami s\u0142u\u017cbowymi, mi\u0142o\u015bnicy zabytkowych pojazd\u00f3w,\u00a0 samolot\u00f3w!!!<\/p>\n\n\n\n<p>Ogromn\u0105 furor\u0119 w\u015br\u00f3d\ndzieciak\u00f3w odwiedzaj\u0105cych piknik robi\u0142a Agnieszka &#8211; animatorka kultury, kt\u00f3ra\nwraz z Klaudi\u0105 robi\u0142a bardzo wymy\u015blne rzeczy z balon\u00f3w (kwiatki, zwierz\u0119ta,\nelementy uzbrojenia), kr\u0119ci\u0142a wat\u0119 cukrow\u0105&nbsp;\noraz zapewnia\u0142a troch\u0119 gimnastyki&nbsp;\nna dmuchanym zamku dla m\u0142odszych uczestnik\u00f3w spotkania.<\/p>\n\n\n\n<p>Ca\u0142y czas trwa\u0142a loteria z\nfantami, ka\u017cdy ch\u0119tny m\u00f3g\u0142 wylosowa\u0107 gad\u017cety ufundowane przez Muzeum Artylerii\n(smycze, d\u0142ugopisy, pendrivy, elementy odblaskowe i wiele innych). Mo\u017cna by\u0142o\nspr\u00f3bowa\u0107 wojskowej groch\u00f3wki. Imprez\u0119 pod wzgl\u0119dem medycznym zabezpiecza\u0142a cywilna\ns\u0142u\u017cba medyczna.<\/p>\n\n\n\n<p>Na osobne podkre\u015blenie\nzas\u0142uguj\u0105 dwie sprawy. Na specjalnej wystawie w budynku Muzeum Artylerii\nprezentowane by\u0142y unikatowe materia\u0142y dotycz\u0105ce garnizonu toru\u0144skiego okresu\nmi\u0119dzywojennego wystawione przez Archiwum Wojskowe w Toruniu. Drug\u0105, rzecz\u0105\nwart\u0105 podkre\u015blenia by\u0142 koncert piosenek i utwor\u00f3w o tematyce wojskowej,\npatriotycznej, narodowej &nbsp;w wykonaniu\nniedowidz\u0105cej solistki o przepi\u0119kne barwie i koloraturze g\u0142osu i pi\u0119knym\nimieniu Daria, kt\u00f3r\u0105 opiekowa\u0142a si\u0119 jej przyjaci\u00f3\u0142ka Krystyna &#8211; wolontariuszka\nz Muzeum Artylerii.<\/p>\n\n\n\n<p>Tak wi\u0119c jak wida\u0107 zabawa\nby\u0142a przednia, co&nbsp; s\u0142ycha\u0107 by\u0142o w\nopiniach dzieci i rodzic\u00f3w oraz pozosta\u0142ych uczestnik\u00f3w Pikniku.<\/p>\n\n\n\n<p>Na koniec pragn\u0119 z\u0142o\u017cy\u0107 wszystkim \u017co\u0142nierzom \u017cyczenia wszelkiej pomy\u015blno\u015bci i oby nigdy nie zabrak\u0142o im tzw. \u201e\u017co\u0142nierskiego szcz\u0119\u015bcia\u201d.<\/p>\n\n\n\n<figure class=\"wp-block-image size-large\"><img  title=\"\" loading=\"lazy\" decoding=\"async\" width=\"1024\" height=\"680\" src=\"https:\/\/www.sp2tmt.pl\/wp-content\/uploads\/2021\/08\/DSC4214-1024x680.jpg\"  alt=\"DSC4214-1024x680 \u015awi\u0119to Wojska Polskiego - Piknik Militarny w Muzeum Artylerii w Toruniu\"  class=\"wp-image-1671\" srcset=\"https:\/\/www.sp2tmt.pl\/wp-content\/uploads\/2021\/08\/DSC4214-1024x680.jpg 1024w, https:\/\/www.sp2tmt.pl\/wp-content\/uploads\/2021\/08\/DSC4214-300x199.jpg 300w, https:\/\/www.sp2tmt.pl\/wp-content\/uploads\/2021\/08\/DSC4214-768x510.jpg 768w, https:\/\/www.sp2tmt.pl\/wp-content\/uploads\/2021\/08\/DSC4214-1200x797.jpg 1200w, https:\/\/www.sp2tmt.pl\/wp-content\/uploads\/2021\/08\/DSC4214.jpg 1280w\" sizes=\"auto, (max-width: 1024px) 100vw, 1024px\" \/><\/figure>\n\n\n\n<figure class=\"wp-block-image size-large\"><img  title=\"\" loading=\"lazy\" decoding=\"async\" width=\"1024\" height=\"680\" src=\"https:\/\/www.sp2tmt.pl\/wp-content\/uploads\/2021\/08\/DSC4218-1024x680.jpg\"  alt=\"DSC4218-1024x680 \u015awi\u0119to Wojska Polskiego - Piknik Militarny w Muzeum Artylerii w Toruniu\"  class=\"wp-image-1672\" srcset=\"https:\/\/www.sp2tmt.pl\/wp-content\/uploads\/2021\/08\/DSC4218-1024x680.jpg 1024w, https:\/\/www.sp2tmt.pl\/wp-content\/uploads\/2021\/08\/DSC4218-300x199.jpg 300w, https:\/\/www.sp2tmt.pl\/wp-content\/uploads\/2021\/08\/DSC4218-768x510.jpg 768w, https:\/\/www.sp2tmt.pl\/wp-content\/uploads\/2021\/08\/DSC4218-1200x797.jpg 1200w, https:\/\/www.sp2tmt.pl\/wp-content\/uploads\/2021\/08\/DSC4218.jpg 1280w\" sizes=\"auto, (max-width: 1024px) 100vw, 1024px\" \/><\/figure>\n\n\n\n<figure class=\"wp-block-image size-large\"><img  title=\"\" loading=\"lazy\" decoding=\"async\" width=\"1024\" height=\"680\" src=\"https:\/\/www.sp2tmt.pl\/wp-content\/uploads\/2021\/08\/DSC4231-1024x680.jpg\"  alt=\"DSC4231-1024x680 \u015awi\u0119to Wojska Polskiego - Piknik Militarny w Muzeum Artylerii w Toruniu\"  class=\"wp-image-1673\" srcset=\"https:\/\/www.sp2tmt.pl\/wp-content\/uploads\/2021\/08\/DSC4231-1024x680.jpg 1024w, https:\/\/www.sp2tmt.pl\/wp-content\/uploads\/2021\/08\/DSC4231-300x199.jpg 300w, https:\/\/www.sp2tmt.pl\/wp-content\/uploads\/2021\/08\/DSC4231-768x510.jpg 768w, https:\/\/www.sp2tmt.pl\/wp-content\/uploads\/2021\/08\/DSC4231-1200x797.jpg 1200w, https:\/\/www.sp2tmt.pl\/wp-content\/uploads\/2021\/08\/DSC4231.jpg 1280w\" sizes=\"auto, (max-width: 1024px) 100vw, 1024px\" \/><\/figure>\n\n\n\n<figure class=\"wp-block-image size-large\"><img  title=\"\" loading=\"lazy\" decoding=\"async\" width=\"1024\" height=\"680\" src=\"https:\/\/www.sp2tmt.pl\/wp-content\/uploads\/2021\/08\/DSC4270-1024x680.jpg\"  alt=\"DSC4270-1024x680 \u015awi\u0119to Wojska Polskiego - Piknik Militarny w Muzeum Artylerii w Toruniu\"  class=\"wp-image-1674\" srcset=\"https:\/\/www.sp2tmt.pl\/wp-content\/uploads\/2021\/08\/DSC4270-1024x680.jpg 1024w, https:\/\/www.sp2tmt.pl\/wp-content\/uploads\/2021\/08\/DSC4270-300x199.jpg 300w, https:\/\/www.sp2tmt.pl\/wp-content\/uploads\/2021\/08\/DSC4270-768x510.jpg 768w, https:\/\/www.sp2tmt.pl\/wp-content\/uploads\/2021\/08\/DSC4270-1200x797.jpg 1200w, https:\/\/www.sp2tmt.pl\/wp-content\/uploads\/2021\/08\/DSC4270.jpg 1280w\" sizes=\"auto, (max-width: 1024px) 100vw, 1024px\" \/><\/figure>\n\n\n\n<figure class=\"wp-block-image size-large\"><img  title=\"\" loading=\"lazy\" decoding=\"async\" width=\"1024\" height=\"680\" src=\"https:\/\/www.sp2tmt.pl\/wp-content\/uploads\/2021\/08\/DSC4278-1024x680.jpg\"  alt=\"DSC4278-1024x680 \u015awi\u0119to Wojska Polskiego - Piknik Militarny w Muzeum Artylerii w Toruniu\"  class=\"wp-image-1675\" srcset=\"https:\/\/www.sp2tmt.pl\/wp-content\/uploads\/2021\/08\/DSC4278-1024x680.jpg 1024w, https:\/\/www.sp2tmt.pl\/wp-content\/uploads\/2021\/08\/DSC4278-300x199.jpg 300w, https:\/\/www.sp2tmt.pl\/wp-content\/uploads\/2021\/08\/DSC4278-768x510.jpg 768w, https:\/\/www.sp2tmt.pl\/wp-content\/uploads\/2021\/08\/DSC4278-1200x797.jpg 1200w, https:\/\/www.sp2tmt.pl\/wp-content\/uploads\/2021\/08\/DSC4278.jpg 1280w\" sizes=\"auto, (max-width: 1024px) 100vw, 1024px\" \/><\/figure>\n\n\n\n<figure class=\"wp-block-image size-large\"><img  title=\"\" loading=\"lazy\" decoding=\"async\" width=\"1024\" height=\"680\" src=\"https:\/\/www.sp2tmt.pl\/wp-content\/uploads\/2021\/08\/DSC4284-1024x680.jpg\"  alt=\"DSC4284-1024x680 \u015awi\u0119to Wojska Polskiego - Piknik Militarny w Muzeum Artylerii w Toruniu\"  class=\"wp-image-1676\" srcset=\"https:\/\/www.sp2tmt.pl\/wp-content\/uploads\/2021\/08\/DSC4284-1024x680.jpg 1024w, https:\/\/www.sp2tmt.pl\/wp-content\/uploads\/2021\/08\/DSC4284-300x199.jpg 300w, https:\/\/www.sp2tmt.pl\/wp-content\/uploads\/2021\/08\/DSC4284-768x510.jpg 768w, https:\/\/www.sp2tmt.pl\/wp-content\/uploads\/2021\/08\/DSC4284-1200x797.jpg 1200w, https:\/\/www.sp2tmt.pl\/wp-content\/uploads\/2021\/08\/DSC4284.jpg 1280w\" sizes=\"auto, (max-width: 1024px) 100vw, 1024px\" \/><\/figure>\n\n\n\n<figure class=\"wp-block-image size-large\"><img  title=\"\" loading=\"lazy\" decoding=\"async\" width=\"1024\" height=\"686\" src=\"https:\/\/www.sp2tmt.pl\/wp-content\/uploads\/2021\/08\/DSC_2066-1024x686.jpg\"  alt=\"DSC_2066-1024x686 \u015awi\u0119to Wojska Polskiego - Piknik Militarny w Muzeum Artylerii w Toruniu\"  class=\"wp-image-1677\" srcset=\"https:\/\/www.sp2tmt.pl\/wp-content\/uploads\/2021\/08\/DSC_2066-1024x686.jpg 1024w, https:\/\/www.sp2tmt.pl\/wp-content\/uploads\/2021\/08\/DSC_2066-300x201.jpg 300w, https:\/\/www.sp2tmt.pl\/wp-content\/uploads\/2021\/08\/DSC_2066-768x514.jpg 768w, https:\/\/www.sp2tmt.pl\/wp-content\/uploads\/2021\/08\/DSC_2066-1200x803.jpg 1200w, https:\/\/www.sp2tmt.pl\/wp-content\/uploads\/2021\/08\/DSC_2066.jpg 1280w\" sizes=\"auto, (max-width: 1024px) 100vw, 1024px\" \/><\/figure>\n\n\n\n<figure class=\"wp-block-image size-large\"><img  title=\"\" loading=\"lazy\" decoding=\"async\" width=\"1024\" height=\"686\" src=\"https:\/\/www.sp2tmt.pl\/wp-content\/uploads\/2021\/08\/DSC_2070-1024x686.jpg\"  alt=\"DSC_2070-1024x686 \u015awi\u0119to Wojska Polskiego - Piknik Militarny w Muzeum Artylerii w Toruniu\"  class=\"wp-image-1678\" srcset=\"https:\/\/www.sp2tmt.pl\/wp-content\/uploads\/2021\/08\/DSC_2070-1024x686.jpg 1024w, https:\/\/www.sp2tmt.pl\/wp-content\/uploads\/2021\/08\/DSC_2070-300x201.jpg 300w, https:\/\/www.sp2tmt.pl\/wp-content\/uploads\/2021\/08\/DSC_2070-768x514.jpg 768w, https:\/\/www.sp2tmt.pl\/wp-content\/uploads\/2021\/08\/DSC_2070-1200x803.jpg 1200w, https:\/\/www.sp2tmt.pl\/wp-content\/uploads\/2021\/08\/DSC_2070.jpg 1280w\" sizes=\"auto, (max-width: 1024px) 100vw, 1024px\" \/><\/figure>\n\n\n\n<figure class=\"wp-block-image size-large\"><img  title=\"\" loading=\"lazy\" decoding=\"async\" width=\"1024\" height=\"686\" src=\"https:\/\/www.sp2tmt.pl\/wp-content\/uploads\/2021\/08\/DSC_2084-1024x686.jpg\"  alt=\"DSC_2084-1024x686 \u015awi\u0119to Wojska Polskiego - Piknik Militarny w Muzeum Artylerii w Toruniu\"  class=\"wp-image-1679\" srcset=\"https:\/\/www.sp2tmt.pl\/wp-content\/uploads\/2021\/08\/DSC_2084-1024x686.jpg 1024w, https:\/\/www.sp2tmt.pl\/wp-content\/uploads\/2021\/08\/DSC_2084-300x201.jpg 300w, https:\/\/www.sp2tmt.pl\/wp-content\/uploads\/2021\/08\/DSC_2084-768x514.jpg 768w, https:\/\/www.sp2tmt.pl\/wp-content\/uploads\/2021\/08\/DSC_2084-1200x803.jpg 1200w, https:\/\/www.sp2tmt.pl\/wp-content\/uploads\/2021\/08\/DSC_2084.jpg 1280w\" sizes=\"auto, (max-width: 1024px) 100vw, 1024px\" \/><\/figure>\n\n\n\n<figure class=\"wp-block-image size-large\"><img  title=\"\" loading=\"lazy\" decoding=\"async\" width=\"610\" height=\"911\" src=\"https:\/\/www.sp2tmt.pl\/wp-content\/uploads\/2021\/08\/DSC_2086.jpg\"  alt=\"DSC_2086 \u015awi\u0119to Wojska Polskiego - Piknik Militarny w Muzeum Artylerii w Toruniu\"  class=\"wp-image-1680\" srcset=\"https:\/\/www.sp2tmt.pl\/wp-content\/uploads\/2021\/08\/DSC_2086.jpg 610w, https:\/\/www.sp2tmt.pl\/wp-content\/uploads\/2021\/08\/DSC_2086-201x300.jpg 201w\" sizes=\"auto, (max-width: 610px) 100vw, 610px\" \/><\/figure>\n\n\n\n<figure class=\"wp-block-image size-large\"><img  title=\"\" loading=\"lazy\" decoding=\"async\" width=\"1024\" height=\"686\" src=\"https:\/\/www.sp2tmt.pl\/wp-content\/uploads\/2021\/08\/DSC_2088-1024x686.jpg\"  alt=\"DSC_2088-1024x686 \u015awi\u0119to Wojska Polskiego - Piknik Militarny w Muzeum Artylerii w Toruniu\"  class=\"wp-image-1681\" srcset=\"https:\/\/www.sp2tmt.pl\/wp-content\/uploads\/2021\/08\/DSC_2088-1024x686.jpg 1024w, https:\/\/www.sp2tmt.pl\/wp-content\/uploads\/2021\/08\/DSC_2088-300x201.jpg 300w, https:\/\/www.sp2tmt.pl\/wp-content\/uploads\/2021\/08\/DSC_2088-768x514.jpg 768w, https:\/\/www.sp2tmt.pl\/wp-content\/uploads\/2021\/08\/DSC_2088-1200x803.jpg 1200w, https:\/\/www.sp2tmt.pl\/wp-content\/uploads\/2021\/08\/DSC_2088.jpg 1280w\" sizes=\"auto, (max-width: 1024px) 100vw, 1024px\" \/><\/figure>\n\n\n\n<figure class=\"wp-block-image size-large\"><img  title=\"\" loading=\"lazy\" decoding=\"async\" width=\"1024\" height=\"686\" src=\"https:\/\/www.sp2tmt.pl\/wp-content\/uploads\/2021\/08\/DSC_2148-1024x686.jpg\"  alt=\"DSC_2148-1024x686 \u015awi\u0119to Wojska Polskiego - Piknik Militarny w Muzeum Artylerii w Toruniu\"  class=\"wp-image-1682\" srcset=\"https:\/\/www.sp2tmt.pl\/wp-content\/uploads\/2021\/08\/DSC_2148-1024x686.jpg 1024w, https:\/\/www.sp2tmt.pl\/wp-content\/uploads\/2021\/08\/DSC_2148-300x201.jpg 300w, https:\/\/www.sp2tmt.pl\/wp-content\/uploads\/2021\/08\/DSC_2148-768x514.jpg 768w, https:\/\/www.sp2tmt.pl\/wp-content\/uploads\/2021\/08\/DSC_2148-1200x803.jpg 1200w, https:\/\/www.sp2tmt.pl\/wp-content\/uploads\/2021\/08\/DSC_2148.jpg 1280w\" sizes=\"auto, (max-width: 1024px) 100vw, 1024px\" \/><\/figure>\n\n\n\n<figure class=\"wp-block-image size-large\"><img  title=\"\" loading=\"lazy\" decoding=\"async\" width=\"610\" height=\"911\" src=\"https:\/\/www.sp2tmt.pl\/wp-content\/uploads\/2021\/08\/DSC_2152.jpg\"  alt=\"DSC_2152 \u015awi\u0119to Wojska Polskiego - Piknik Militarny w Muzeum Artylerii w Toruniu\"  class=\"wp-image-1683\" srcset=\"https:\/\/www.sp2tmt.pl\/wp-content\/uploads\/2021\/08\/DSC_2152.jpg 610w, https:\/\/www.sp2tmt.pl\/wp-content\/uploads\/2021\/08\/DSC_2152-201x300.jpg 201w\" sizes=\"auto, (max-width: 610px) 100vw, 610px\" \/><\/figure>\n\n\n\n<figure class=\"wp-block-image size-large\"><img  title=\"\" loading=\"lazy\" decoding=\"async\" width=\"1024\" height=\"686\" src=\"https:\/\/www.sp2tmt.pl\/wp-content\/uploads\/2021\/08\/DSC_2164-1024x686.jpg\"  alt=\"DSC_2164-1024x686 \u015awi\u0119to Wojska Polskiego - Piknik Militarny w Muzeum Artylerii w Toruniu\"  class=\"wp-image-1684\" srcset=\"https:\/\/www.sp2tmt.pl\/wp-content\/uploads\/2021\/08\/DSC_2164-1024x686.jpg 1024w, https:\/\/www.sp2tmt.pl\/wp-content\/uploads\/2021\/08\/DSC_2164-300x201.jpg 300w, https:\/\/www.sp2tmt.pl\/wp-content\/uploads\/2021\/08\/DSC_2164-768x514.jpg 768w, https:\/\/www.sp2tmt.pl\/wp-content\/uploads\/2021\/08\/DSC_2164-1200x803.jpg 1200w, https:\/\/www.sp2tmt.pl\/wp-content\/uploads\/2021\/08\/DSC_2164.jpg 1280w\" sizes=\"auto, (max-width: 1024px) 100vw, 1024px\" \/><\/figure>\n\n\n\n<figure class=\"wp-block-image size-large\"><img  title=\"\" loading=\"lazy\" decoding=\"async\" width=\"1024\" height=\"686\" src=\"https:\/\/www.sp2tmt.pl\/wp-content\/uploads\/2021\/08\/DSC_2167-1024x686.jpg\"  alt=\"DSC_2167-1024x686 \u015awi\u0119to Wojska Polskiego - Piknik Militarny w Muzeum Artylerii w Toruniu\"  class=\"wp-image-1685\" srcset=\"https:\/\/www.sp2tmt.pl\/wp-content\/uploads\/2021\/08\/DSC_2167-1024x686.jpg 1024w, https:\/\/www.sp2tmt.pl\/wp-content\/uploads\/2021\/08\/DSC_2167-300x201.jpg 300w, https:\/\/www.sp2tmt.pl\/wp-content\/uploads\/2021\/08\/DSC_2167-768x514.jpg 768w, https:\/\/www.sp2tmt.pl\/wp-content\/uploads\/2021\/08\/DSC_2167-1200x803.jpg 1200w, https:\/\/www.sp2tmt.pl\/wp-content\/uploads\/2021\/08\/DSC_2167.jpg 1280w\" sizes=\"auto, (max-width: 1024px) 100vw, 1024px\" \/><\/figure>\n\n\n\n<figure class=\"wp-block-image size-large\"><img  title=\"\" loading=\"lazy\" decoding=\"async\" width=\"1024\" height=\"686\" src=\"https:\/\/www.sp2tmt.pl\/wp-content\/uploads\/2021\/08\/DSC_2171-1024x686.jpg\"  alt=\"DSC_2171-1024x686 \u015awi\u0119to Wojska Polskiego - Piknik Militarny w Muzeum Artylerii w Toruniu\"  class=\"wp-image-1686\" srcset=\"https:\/\/www.sp2tmt.pl\/wp-content\/uploads\/2021\/08\/DSC_2171-1024x686.jpg 1024w, https:\/\/www.sp2tmt.pl\/wp-content\/uploads\/2021\/08\/DSC_2171-300x201.jpg 300w, https:\/\/www.sp2tmt.pl\/wp-content\/uploads\/2021\/08\/DSC_2171-768x514.jpg 768w, https:\/\/www.sp2tmt.pl\/wp-content\/uploads\/2021\/08\/DSC_2171-1200x803.jpg 1200w, https:\/\/www.sp2tmt.pl\/wp-content\/uploads\/2021\/08\/DSC_2171.jpg 1280w\" sizes=\"auto, (max-width: 1024px) 100vw, 1024px\" \/><\/figure>\n\n\n\n<figure class=\"wp-block-image size-large\"><img  title=\"\" loading=\"lazy\" decoding=\"async\" width=\"610\" height=\"911\" src=\"https:\/\/www.sp2tmt.pl\/wp-content\/uploads\/2021\/08\/DSC_2183.jpg\"  alt=\"DSC_2183 \u015awi\u0119to Wojska Polskiego - Piknik Militarny w Muzeum Artylerii w Toruniu\"  class=\"wp-image-1687\" srcset=\"https:\/\/www.sp2tmt.pl\/wp-content\/uploads\/2021\/08\/DSC_2183.jpg 610w, https:\/\/www.sp2tmt.pl\/wp-content\/uploads\/2021\/08\/DSC_2183-201x300.jpg 201w\" sizes=\"auto, (max-width: 610px) 100vw, 610px\" \/><\/figure>\n\n\n\n<figure class=\"wp-block-image size-large\"><img  title=\"\" loading=\"lazy\" decoding=\"async\" width=\"1024\" height=\"686\" src=\"https:\/\/www.sp2tmt.pl\/wp-content\/uploads\/2021\/08\/DSC_2203-1024x686.jpg\"  alt=\"DSC_2203-1024x686 \u015awi\u0119to Wojska Polskiego - Piknik Militarny w Muzeum Artylerii w Toruniu\"  class=\"wp-image-1688\" srcset=\"https:\/\/www.sp2tmt.pl\/wp-content\/uploads\/2021\/08\/DSC_2203-1024x686.jpg 1024w, https:\/\/www.sp2tmt.pl\/wp-content\/uploads\/2021\/08\/DSC_2203-300x201.jpg 300w, https:\/\/www.sp2tmt.pl\/wp-content\/uploads\/2021\/08\/DSC_2203-768x514.jpg 768w, https:\/\/www.sp2tmt.pl\/wp-content\/uploads\/2021\/08\/DSC_2203-1200x803.jpg 1200w, https:\/\/www.sp2tmt.pl\/wp-content\/uploads\/2021\/08\/DSC_2203.jpg 1280w\" sizes=\"auto, (max-width: 1024px) 100vw, 1024px\" \/><\/figure>\n\n\n\n<figure class=\"wp-block-image size-large\"><img  title=\"\" loading=\"lazy\" decoding=\"async\" width=\"1024\" height=\"686\" src=\"https:\/\/www.sp2tmt.pl\/wp-content\/uploads\/2021\/08\/DSC_2206-1024x686.jpg\"  alt=\"DSC_2206-1024x686 \u015awi\u0119to Wojska Polskiego - Piknik Militarny w Muzeum Artylerii w Toruniu\"  class=\"wp-image-1689\" srcset=\"https:\/\/www.sp2tmt.pl\/wp-content\/uploads\/2021\/08\/DSC_2206-1024x686.jpg 1024w, https:\/\/www.sp2tmt.pl\/wp-content\/uploads\/2021\/08\/DSC_2206-300x201.jpg 300w, https:\/\/www.sp2tmt.pl\/wp-content\/uploads\/2021\/08\/DSC_2206-768x514.jpg 768w, https:\/\/www.sp2tmt.pl\/wp-content\/uploads\/2021\/08\/DSC_2206-1200x803.jpg 1200w, https:\/\/www.sp2tmt.pl\/wp-content\/uploads\/2021\/08\/DSC_2206.jpg 1280w\" sizes=\"auto, (max-width: 1024px) 100vw, 1024px\" \/><\/figure>\n\n\n\n<figure class=\"wp-block-image size-large\"><img  title=\"\" loading=\"lazy\" decoding=\"async\" width=\"1024\" height=\"686\" src=\"https:\/\/www.sp2tmt.pl\/wp-content\/uploads\/2021\/08\/DSC_2279-1024x686.jpg\"  alt=\"DSC_2279-1024x686 \u015awi\u0119to Wojska Polskiego - Piknik Militarny w Muzeum Artylerii w Toruniu\"  class=\"wp-image-1690\" srcset=\"https:\/\/www.sp2tmt.pl\/wp-content\/uploads\/2021\/08\/DSC_2279-1024x686.jpg 1024w, https:\/\/www.sp2tmt.pl\/wp-content\/uploads\/2021\/08\/DSC_2279-300x201.jpg 300w, https:\/\/www.sp2tmt.pl\/wp-content\/uploads\/2021\/08\/DSC_2279-768x514.jpg 768w, https:\/\/www.sp2tmt.pl\/wp-content\/uploads\/2021\/08\/DSC_2279-1200x803.jpg 1200w, https:\/\/www.sp2tmt.pl\/wp-content\/uploads\/2021\/08\/DSC_2279.jpg 1280w\" sizes=\"auto, (max-width: 1024px) 100vw, 1024px\" \/><\/figure>\n\n\n\n<figure class=\"wp-block-image size-large\"><img  title=\"\" loading=\"lazy\" decoding=\"async\" width=\"1024\" height=\"686\" src=\"https:\/\/www.sp2tmt.pl\/wp-content\/uploads\/2021\/08\/DSC_2292-1024x686.jpg\"  alt=\"DSC_2292-1024x686 \u015awi\u0119to Wojska Polskiego - Piknik Militarny w Muzeum Artylerii w Toruniu\"  class=\"wp-image-1691\" srcset=\"https:\/\/www.sp2tmt.pl\/wp-content\/uploads\/2021\/08\/DSC_2292-1024x686.jpg 1024w, https:\/\/www.sp2tmt.pl\/wp-content\/uploads\/2021\/08\/DSC_2292-300x201.jpg 300w, https:\/\/www.sp2tmt.pl\/wp-content\/uploads\/2021\/08\/DSC_2292-768x514.jpg 768w, https:\/\/www.sp2tmt.pl\/wp-content\/uploads\/2021\/08\/DSC_2292-1200x803.jpg 1200w, https:\/\/www.sp2tmt.pl\/wp-content\/uploads\/2021\/08\/DSC_2292.jpg 1280w\" sizes=\"auto, (max-width: 1024px) 100vw, 1024px\" \/><\/figure>\n","protected":false},"excerpt":{"rendered":"<p>W niedziel\u0119 15 sierpnia z okazji \u015awi\u0119ta Wojska Polskiego na terenie Muzeum Artylerii w Toruniu zorganizowany zosta\u0142 Piknik Militarny.&nbsp; Jako kr\u00f3tkofalowcy, cz\u0142onkowie Klubu Kr\u00f3tkofalowc\u00f3w PZK OSA przy ToMiTo dzia\u0142aj\u0105cego na terenie Muzeum w\u0142\u0105czyli\u015bmy si\u0119 aktywnie w przygotowanie i przebieg tej imprezy. Co prawda na czas imprezy musieli\u015bmy zdemontowa\u0107 cz\u0119\u015b\u0107 anten, kt\u00f3re normalnie rozstawione by\u0142y na [&hellip;]<\/p>\n","protected":false},"author":1,"featured_media":0,"comment_status":"closed","ping_status":"open","sticky":false,"template":"","format":"standard","meta":{"ngg_post_thumbnail":0,"footnotes":""},"categories":[9],"tags":[],"class_list":["post-1670","post","type-post","status-publish","format-standard","hentry","category-aktualnosci"],"_links":{"self":[{"href":"https:\/\/www.sp2tmt.pl\/index.php?rest_route=\/wp\/v2\/posts\/1670","targetHints":{"allow":["GET"]}}],"collection":[{"href":"https:\/\/www.sp2tmt.pl\/index.php?rest_route=\/wp\/v2\/posts"}],"about":[{"href":"https:\/\/www.sp2tmt.pl\/index.php?rest_route=\/wp\/v2\/types\/post"}],"author":[{"embeddable":true,"href":"https:\/\/www.sp2tmt.pl\/index.php?rest_route=\/wp\/v2\/users\/1"}],"replies":[{"embeddable":true,"href":"https:\/\/www.sp2tmt.pl\/index.php?rest_route=%2Fwp%2Fv2%2Fcomments&post=1670"}],"version-history":[{"count":1,"href":"https:\/\/www.sp2tmt.pl\/index.php?rest_route=\/wp\/v2\/posts\/1670\/revisions"}],"predecessor-version":[{"id":1692,"href":"https:\/\/www.sp2tmt.pl\/index.php?rest_route=\/wp\/v2\/posts\/1670\/revisions\/1692"}],"wp:attachment":[{"href":"https:\/\/www.sp2tmt.pl\/index.php?rest_route=%2Fwp%2Fv2%2Fmedia&parent=1670"}],"wp:term":[{"taxonomy":"category","embeddable":true,"href":"https:\/\/www.sp2tmt.pl\/index.php?rest_route=%2Fwp%2Fv2%2Fcategories&post=1670"},{"taxonomy":"post_tag","embeddable":true,"href":"https:\/\/www.sp2tmt.pl\/index.php?rest_route=%2Fwp%2Fv2%2Ftags&post=1670"}],"curies":[{"name":"wp","href":"https:\/\/api.w.org\/{rel}","templated":true}]}}