{"id":93,"date":"2016-09-02T08:51:43","date_gmt":"2016-09-02T07:51:43","guid":{"rendered":"http:\/\/www.sp2tmt.tvk.torun.pl\/?p=93"},"modified":"2025-01-08T10:08:05","modified_gmt":"2025-01-08T09:08:05","slug":"x-jubileuszowy-zjazd-kasztelanski-komunikat","status":"publish","type":"post","link":"https:\/\/www.sp2tmt.pl\/?p=93","title":{"rendered":"X Jubileuszowy  ZJAZD KASZTELA\u0143SKI komunikat"},"content":{"rendered":"<p style=\"text-align: center;\"><strong>X  JUBILEUSZOWY ZJAZD KASZTELA\u0143SKI<br \/>\nTORU\u0143 09 ? 11 wrzesie\u0144 2016r.<br \/>\nKOMUNIKAT ORGANIZACYJNY Nr 5<br \/>\n<\/strong><\/p>\n<p><img loading=\"lazy\" decoding=\"async\" class=\"alignnone\"  title=\"\"  src=\"https:\/\/lh3.googleusercontent.com\/9enhk7qjbtwSyVYiTDPYRZ4xq4D3bKPPbcAvF28Ncxs9wMXOgoMmFh57oj0delG3_Im1J8abHAEAm78_gAFDy-ElL1BgV-H0mL_gxChBvzZ8DhOjLeZ8b5EMHUQbka5c6Csu9VYVhJRZh-kTCDXkQ6SXAhmOff4KyKBgcdzT-RauOGjo1q4Vw2jQOgjJdHqXSvFbduIGM70wi7GkZCdtL3c1OrjxCGlBoqX5vF-Ve1n5cDLs3HqE6BpG1HFNtUaMn0a_SGT5agovBD26CRM8K0aNepj_KJD3ZlJhaohO0G8KHB_SB6x4Ir4-F-0MHDtac7nNuuzHXQHJpYMe_QQF2J8PStbiFDAGP9YUJ4i9AKWzCm4fNVOha3trHOVIDKWLLP-CNnwLAnOAWWFraaPk3v14cpkjw_9IflE_iAtG4Kmmeu5U-UuIhe7aNTplRcFWuSsRIKKgkkX4XZvqGYtiCWXEIskK4kXXAFS8q_VfTFeH4io6_rVyeV7_5Td2gd1nHcHgeLhSezTd2fd4zbk41tO2rmz4W_RKeocOzo_CuA17vFh6C46x5QwHGwiOC38oiv7RBZmlJmBn-0H-0eHgidkjY5opjb1_It6zuFMWLWqM5AQ-=w1425-h942-no\"  alt=\"9enhk7qjbtwSyVYiTDPYRZ4xq4D3bKPPbcAvF28Ncxs9wMXOgoMmFh57oj0delG3_Im1J8abHAEAm78_gAFDy-ElL1BgV-H0mL_gxChBvzZ8DhOjLeZ8b5EMHUQbka5c6Csu9VYVhJRZh-kTCDXkQ6SXAhmOff4KyKBgcdzT-RauOGjo1q4Vw2jQOgjJdHqXSvFbduIGM70wi7GkZCdtL3c1OrjxCGlBoqX5vF-Ve1n5cDLs3HqE6BpG1HFNtUaMn0a_SGT5agovBD26CRM8K0aNepj_KJD3ZlJhaohO0G8KHB_SB6x4Ir4-F-0MHDtac7nNuuzHXQHJpYMe_QQF2J8PStbiFDAGP9YUJ4i9AKWzCm4fNVOha3trHOVIDKWLLP-CNnwLAnOAWWFraaPk3v14cpkjw_9IflE_iAtG4Kmmeu5U-UuIhe7aNTplRcFWuSsRIKKgkkX4XZvqGYtiCWXEIskK4kXXAFS8q_VfTFeH4io6_rVyeV7_5Td2gd1nHcHgeLhSezTd2fd4zbk41tO2rmz4W_RKeocOzo_CuA17vFh6C46x5QwHGwiOC38oiv7RBZmlJmBn-0H-0eHgidkjY5opjb1_It6zuFMWLWqM5AQ-=w1425-h942-no X Jubileuszowy  ZJAZD KASZTELA\u0143SKI komunikat\"  width=\"1425\" height=\"942\" \/><\/p>\n<p>Witamy i zapraszamy do zapoznania si\u0119  z przedostatnim komunikatem  dotycz\u0105cym<br \/>\nX Jubileuszowego Zjazdu Kasztela\u0144skiego Bractwa Zamkowego TORU\u0143 2016.<br \/>\nZ kronikarskiego obowi\u0105zku przypominamy, \u017ce Nasz\u0105 imprez\u0119  PATRONATEM HONOROWYM obj\u0119li :<br \/>\nPan Piotr CA\u0141BECKI  &#8211; Marsza\u0142ek Wojew\u00f3dztwa Kujawsko ? Pomorskiego<br \/>\n<img loading=\"lazy\" decoding=\"async\" class=\"alignnone\"  title=\"\"  src=\"https:\/\/lh3.googleusercontent.com\/2CGwfBfeMOLviXhDneIdn-cqakDIMQ1biN18DxNuZGGdJHWWJpHgUEgTUDYCleJOS1EjDFukoLpgTrLK58co2Jei6pgyZraPZhVqyLjTaqHU2g7Z14neaRHxUTPuvQ1WI133dsSl7uDFdsECtGCTIrV5itBRv2Q1bROJS0GlPNHov25snWMRMgl6lQNV1IcbXYfkTP4jhUFfrpGjfUODZBSualXNNZUH7aTHIJ2E5PC1SdMTb6d1-FgscXccpkSdpbyiIqKvWpcxFb7_KP0d7VEq9RV4m2dDROiYepm2IbB8n5PUSZcS46MJxGuMpuPOEqeN9giMv72H-uMogo1PaA2UQ7q5K8xbBJucC5fkVsA-XBs7ls6iBr7mTDKlWaAHOQAUjNu8ISNizgH4qSiTEDNYdenXGm87Xmw2lb2uZJdZMx6-dqRGJ0bA3RVfAZqLjI4gWeoolDTGFRZlx8RUgNoMHVMv1XVh71on7sgHM6bsSrveHdHkMbL17GYNtPL0HZ7AkbRx6YNkZ3RIMP2oMOQjz2ROq0PwEDUwWuf5p8i9ZM3voeSZviyfMAueSufAUkCJjbGFBQgYB6qC2uejAfvZbeJhchkTcadriw2Je5-KH4o8=w805-h276-no\"  alt=\"2CGwfBfeMOLviXhDneIdn-cqakDIMQ1biN18DxNuZGGdJHWWJpHgUEgTUDYCleJOS1EjDFukoLpgTrLK58co2Jei6pgyZraPZhVqyLjTaqHU2g7Z14neaRHxUTPuvQ1WI133dsSl7uDFdsECtGCTIrV5itBRv2Q1bROJS0GlPNHov25snWMRMgl6lQNV1IcbXYfkTP4jhUFfrpGjfUODZBSualXNNZUH7aTHIJ2E5PC1SdMTb6d1-FgscXccpkSdpbyiIqKvWpcxFb7_KP0d7VEq9RV4m2dDROiYepm2IbB8n5PUSZcS46MJxGuMpuPOEqeN9giMv72H-uMogo1PaA2UQ7q5K8xbBJucC5fkVsA-XBs7ls6iBr7mTDKlWaAHOQAUjNu8ISNizgH4qSiTEDNYdenXGm87Xmw2lb2uZJdZMx6-dqRGJ0bA3RVfAZqLjI4gWeoolDTGFRZlx8RUgNoMHVMv1XVh71on7sgHM6bsSrveHdHkMbL17GYNtPL0HZ7AkbRx6YNkZ3RIMP2oMOQjz2ROq0PwEDUwWuf5p8i9ZM3voeSZviyfMAueSufAUkCJjbGFBQgYB6qC2uejAfvZbeJhchkTcadriw2Je5-KH4o8=w805-h276-no X Jubileuszowy  ZJAZD KASZTELA\u0143SKI komunikat\"  width=\"805\" height=\"276\" \/><br \/>\nPan  Micha\u0142 ZALESKI &#8211; Prezydent Miasta Torunia<br \/>\n<img loading=\"lazy\" decoding=\"async\" class=\"alignnone\"  title=\"\"  src=\"https:\/\/lh3.googleusercontent.com\/Vu0akVZPrhhIZUvCO_3SqRGZmILAJIOBxea_QAqWJL51ejRFmAJ2cZ8ii16liW6iVwUF2dT11Hxjbiood4QHZIdFBE24pRexTv2J2FEcFbWyt45v-7UgVx9_gX8fQSZvDYKBtLugP0RpSysP-XgbhbwRS2ba_NJ5eAtE_GwYUHz-1xPu6K-cVsVAqu3vRFedGqXUcD5BUYvtOzf-E9jy9BTE9ATDJac6a5lqJOq0pN1MgCQWfxNBswVFz-P2o0hPno53ZftNCf1t2a2D7XAp6-DU-_FNvmjuN2SPlTQLm9nKKWRM6WckpdwARPkaJu67FfUbTEmLo-kG-1OGng_VZal1bYa41hWBtI_reELh9hHPYiBiZyuMJAILHr8xNtZ1JrlJzWf0rrl8hmQ-4ICZDU6GITsAeQACmehnzmZ6fhHjJoe2wYWB2jM8Uvc4-V0FEEUsvLF1iWp9bDU5rD69V5W6gAF7TOEEYSHLnVDL3MwSjXwxowD8Z5tpTC0ne8Gw1OzhhuJrMBRGnsWhJMZGLSpnvyUmT_h1Ps_n6D4qJhvDIfm0YGoQiuXvCkhTRn_eD7GAxeDuWS-ePqUcP6xg9-jiSDzHNfjUMuf1T0Qg5JM6TGkC=w1732-h470-no\"  alt=\"Vu0akVZPrhhIZUvCO_3SqRGZmILAJIOBxea_QAqWJL51ejRFmAJ2cZ8ii16liW6iVwUF2dT11Hxjbiood4QHZIdFBE24pRexTv2J2FEcFbWyt45v-7UgVx9_gX8fQSZvDYKBtLugP0RpSysP-XgbhbwRS2ba_NJ5eAtE_GwYUHz-1xPu6K-cVsVAqu3vRFedGqXUcD5BUYvtOzf-E9jy9BTE9ATDJac6a5lqJOq0pN1MgCQWfxNBswVFz-P2o0hPno53ZftNCf1t2a2D7XAp6-DU-_FNvmjuN2SPlTQLm9nKKWRM6WckpdwARPkaJu67FfUbTEmLo-kG-1OGng_VZal1bYa41hWBtI_reELh9hHPYiBiZyuMJAILHr8xNtZ1JrlJzWf0rrl8hmQ-4ICZDU6GITsAeQACmehnzmZ6fhHjJoe2wYWB2jM8Uvc4-V0FEEUsvLF1iWp9bDU5rD69V5W6gAF7TOEEYSHLnVDL3MwSjXwxowD8Z5tpTC0ne8Gw1OzhhuJrMBRGnsWhJMZGLSpnvyUmT_h1Ps_n6D4qJhvDIfm0YGoQiuXvCkhTRn_eD7GAxeDuWS-ePqUcP6xg9-jiSDzHNfjUMuf1T0Qg5JM6TGkC=w1732-h470-no X Jubileuszowy  ZJAZD KASZTELA\u0143SKI komunikat\"  width=\"1732\" height=\"470\" \/><br \/>\nSw\u00f3j udzia\u0142 z zje\u017adzie potwierdzili, \u0142\u0105cznie z rezerwacj\u0105 nocleg\u00f3w : Edi ES2TT+2 YL; SQ5GLB; SP6TRX + XYL; SP2LQP; SP2ALT; SP2IU; SP9RTZ + YL; SQ8JCB + SQ8JCN +<br \/>\nSP8 ? 20 ? 131 + YL; SQ2LKO + SQ2LKM; SP4TKO + SP4YLA + SQ4IOH; SQ8MXS + SQ8MXN; SP5JCM + SP5JCX; SP5L + SQ5MOV; SP2QVN + SQ2EAV; SQ9CXC + SQ4HRX + SWL; SQ9OUM + SO9AHA; SQ5JD + SQ5BT; SP3QFV; SP8BBK; SQ2BXI; SQ2AJN  oraz spora grupa kole\u017canek i koleg\u00f3w z miejscowego oraz o\u015bciennych oddzia\u0142\u00f3w PZK  ;-)))<br \/>\nDla u\u0142atwienia dojazdu osobom , kt\u00f3re po raz pierwszy b\u0119d\u0105 go\u015bcili w Forcie IV Twierdzy TORU\u0143 oraz dla  przypomnienia pozosta\u0142ym uczestnikom kilka informacji i mapek dojazdu na Nasze szczeg\u00f3lne spotkanie .<br \/>\n<strong>Fort IV<\/strong> po\u0142o\u017cony jest w p\u00f3\u0142nocno-wschodniej cz\u0119\u015bci prawobrze\u017cnego Torunia ? wyjazd z Torunia tras\u0105 Nr 91 na Gda\u0144sk. Wje\u017cd\u017caj\u0105cy do Torunia od po\u0142udnia musz\u0105 przejecha\u0107 jeden z dw\u00f3ch  most\u00f3w drogowych ( istniej\u0105cy od roku 1934 most drogowy lub oddany do ruchu w grudniu 2012 roku most gen. El\u017cbiety  Zawackiej).  Pojazdy korzystaj\u0105ce z autostrady A1 ( Amber One) powinny zjecha\u0107 z autostrady w Lubiczu pod Toruniem i dalej kierowa\u0107 si\u0119 ju\u017c na ulic\u0119 Chrobrego 86.<\/p>\n<p><img loading=\"lazy\" decoding=\"async\" class=\"alignnone\"  title=\"\"  src=\"https:\/\/lh3.googleusercontent.com\/-22sKlHLp2osLKmfk8Kh4vHQ1jx2n-74lKMexHbQGmYIfg39oQii99Ri4JitC2Az8A0rKkWN0ochGLeWf7662fCl5FIRNliAgRqDRIrqlHkq6PTT_on1MGuOqN2t-IMiJIhqNo9L2a7pu6qSzBUJKkVkdZBwJtXh2qwLpec8ICyxOE0iv1HIn7LBYWVVXts27CKIBLEo8jTdm2lRNWesiamj_WCRHucESh8LsQ4huW4G5B77HtXScHo-CgSJQRLU7iN8hPkH0sOwEtlzHnuJmHTA41UHoauhMdtEf4m_SXye9U6Taj3X7ECIxPnmXP3_SzP6xRLYZsil3ox_2tVmOGKO2UPD1P8uQzh-ATqgu-NGFhQHT6BtQ_Po507UiTqwG4ZHdeXud4pA_ZLE4N4nTa18vVqL4Qs0sP4chuVuokuIyeKfG6SjVaMy_KxtL-UvQgxh5JelH3iEDHtIRYCXi4B1tFh1MZIbBSDMxueNhPrvofTF5m8tJgvjXS2uHA6kLvkFnhAnc14Vb-Xe29ScGNDNKaOE2lEgWZCMDF5GRvgjcjVVeIlMMhPMBOfndgYy5Atg1zwinQeZ1kV4Ez4Ac7wp-luXYCn6_Kv2vEtjc22kL3hK=w1256-h942-no\"  alt=\"-22sKlHLp2osLKmfk8Kh4vHQ1jx2n-74lKMexHbQGmYIfg39oQii99Ri4JitC2Az8A0rKkWN0ochGLeWf7662fCl5FIRNliAgRqDRIrqlHkq6PTT_on1MGuOqN2t-IMiJIhqNo9L2a7pu6qSzBUJKkVkdZBwJtXh2qwLpec8ICyxOE0iv1HIn7LBYWVVXts27CKIBLEo8jTdm2lRNWesiamj_WCRHucESh8LsQ4huW4G5B77HtXScHo-CgSJQRLU7iN8hPkH0sOwEtlzHnuJmHTA41UHoauhMdtEf4m_SXye9U6Taj3X7ECIxPnmXP3_SzP6xRLYZsil3ox_2tVmOGKO2UPD1P8uQzh-ATqgu-NGFhQHT6BtQ_Po507UiTqwG4ZHdeXud4pA_ZLE4N4nTa18vVqL4Qs0sP4chuVuokuIyeKfG6SjVaMy_KxtL-UvQgxh5JelH3iEDHtIRYCXi4B1tFh1MZIbBSDMxueNhPrvofTF5m8tJgvjXS2uHA6kLvkFnhAnc14Vb-Xe29ScGNDNKaOE2lEgWZCMDF5GRvgjcjVVeIlMMhPMBOfndgYy5Atg1zwinQeZ1kV4Ez4Ac7wp-luXYCn6_Kv2vEtjc22kL3hK=w1256-h942-no X Jubileuszowy  ZJAZD KASZTELA\u0143SKI komunikat\"  width=\"1256\" height=\"942\" \/><\/p>\n<p>Dane do nawigacji :  GPS 18.6305,   53.0403<br \/>\nAdres : ul. Chrobrego 86<\/p>\n<p><img loading=\"lazy\" decoding=\"async\" class=\"alignnone\"  title=\"\"  src=\"https:\/\/lh3.googleusercontent.com\/O3qje0V-bVpCbff9XD9FhXkmVh8Y3EE8YpToG3iCLDWs-b09AvJV5oZrFDPB--Je7dPIbVTIT7rpF3LQdSRrA2_CATcEXm1shWcv_gmYVW_Q_iUN7VNOPWJ6NnBFvXKL4TD0q8sXalYLB-N24YGuZu3Y4FzYThakZnzVxBh1rugo6TEqX2diLcef45SimZdKS73I4BUG2ugTHB6-DEs79TQGjktfeNOyWpVwKd6M7qt-dymu0-3rjvH2hbNraIBT56MNqFJ6z428PS2CYk7XkfuMr35gXHTqyytrtKZ7U5y2IW2II1vQZ6ZaH3npCGRB49rjoz8TM7XlVIFOx43x3SEv6BbuYI6IHGPP1uWVfZro_yRpPphooXum6yOBjf-7D0zOBqo8ihtxp4I2BZMdIaM5gHzOJ6frbJPlBY5ru7MVGalknZFAMRAz7UMMbKloK_8nT_t3snZnDO5Z-l6aZHcX4ZEWn92SiE_eOHlkHwyK75pfM-4o-ulrRwu-uTUHioJ28HCjpOleIe7S3jbgwlN1KUGt3zhlsvijzmxpPOIA6op0uA98kD5L58AuHbQ9bEL-soDRE2KnxeC8rARf9y-A0k3wnQfveg6Ku0NCZK2cmiSR=w1179-h773-no\"  alt=\"O3qje0V-bVpCbff9XD9FhXkmVh8Y3EE8YpToG3iCLDWs-b09AvJV5oZrFDPB--Je7dPIbVTIT7rpF3LQdSRrA2_CATcEXm1shWcv_gmYVW_Q_iUN7VNOPWJ6NnBFvXKL4TD0q8sXalYLB-N24YGuZu3Y4FzYThakZnzVxBh1rugo6TEqX2diLcef45SimZdKS73I4BUG2ugTHB6-DEs79TQGjktfeNOyWpVwKd6M7qt-dymu0-3rjvH2hbNraIBT56MNqFJ6z428PS2CYk7XkfuMr35gXHTqyytrtKZ7U5y2IW2II1vQZ6ZaH3npCGRB49rjoz8TM7XlVIFOx43x3SEv6BbuYI6IHGPP1uWVfZro_yRpPphooXum6yOBjf-7D0zOBqo8ihtxp4I2BZMdIaM5gHzOJ6frbJPlBY5ru7MVGalknZFAMRAz7UMMbKloK_8nT_t3snZnDO5Z-l6aZHcX4ZEWn92SiE_eOHlkHwyK75pfM-4o-ulrRwu-uTUHioJ28HCjpOleIe7S3jbgwlN1KUGt3zhlsvijzmxpPOIA6op0uA98kD5L58AuHbQ9bEL-soDRE2KnxeC8rARf9y-A0k3wnQfveg6Ku0NCZK2cmiSR=w1179-h773-no X Jubileuszowy  ZJAZD KASZTELA\u0143SKI komunikat\"  width=\"1179\" height=\"773\" \/><\/p>\n<p>Tak wygl\u0105da wjazd do Fortu IV  przy skrzy\u017cowaniu ulic : Boles\u0142awa Chrobrego<br \/>\ni Mlecznej ( dojazd od ulicy Polnej)  &#8211; nie mo\u017cna go nie zauwa\u017cy\u0107 ;-)))).<br \/>\n<img loading=\"lazy\" decoding=\"async\" class=\"alignnone\"  title=\"\"  src=\"https:\/\/lh3.googleusercontent.com\/6sI52Z0D8hoLY255rS6RWlrY86OurYbEAcR4XMgRP3svPsG1lzRDMwCEO4c1Yl7wRBjtDc0fS0kXabPnFylvf-QQMnW6BJpfZGUt1Cd4hJsccJ6p51nsYLaq9E0xJypYIHr4tIfuynbvYDtIgN4A3Hf0kwkbIaDZCJqprHLfHlUwy0lCmFjhZM2gSnnJ1DhVxiQcx0sdpcWsqTcKzG41PNproLA7v_S5qsNnwtmE8tXc3fql_dSN9icRNwhmmzTHUtaocAZ0ktUDS3T1K5hhdMBGEhPsdI4yNRHVq6lfiLsZkWa-YY_-92xZQCutOviPR9sObBuaemQ74XBTxZSFjP8aPw9ElQxppHsrXHDA8FRc5Q6kY0OBKCoHDjTQwR5-b0d0n7wQItRE8QP0QO6mXVcTQCIUvZv9Ye6Hm7YggSjTOBGRMpMc_m6SfrIcb4TiE0MS6r-dgBOX-dA-WhJPDKiDWyM9dUyDwepuqTdb4P9RvHPbHsSnbsCEnm5OZhkEMSI1S_nbX05K6QeIVRl2LDb1zLVm_ZAoIFV8dfXpt6XLVIfi9JGE-Brd7GARkQYUANDyjMAaB9hz8NoHoHBpOJbhxbmEyAO9ujgxjLszd4oNWkui=w1419-h942-no\"  alt=\"6sI52Z0D8hoLY255rS6RWlrY86OurYbEAcR4XMgRP3svPsG1lzRDMwCEO4c1Yl7wRBjtDc0fS0kXabPnFylvf-QQMnW6BJpfZGUt1Cd4hJsccJ6p51nsYLaq9E0xJypYIHr4tIfuynbvYDtIgN4A3Hf0kwkbIaDZCJqprHLfHlUwy0lCmFjhZM2gSnnJ1DhVxiQcx0sdpcWsqTcKzG41PNproLA7v_S5qsNnwtmE8tXc3fql_dSN9icRNwhmmzTHUtaocAZ0ktUDS3T1K5hhdMBGEhPsdI4yNRHVq6lfiLsZkWa-YY_-92xZQCutOviPR9sObBuaemQ74XBTxZSFjP8aPw9ElQxppHsrXHDA8FRc5Q6kY0OBKCoHDjTQwR5-b0d0n7wQItRE8QP0QO6mXVcTQCIUvZv9Ye6Hm7YggSjTOBGRMpMc_m6SfrIcb4TiE0MS6r-dgBOX-dA-WhJPDKiDWyM9dUyDwepuqTdb4P9RvHPbHsSnbsCEnm5OZhkEMSI1S_nbX05K6QeIVRl2LDb1zLVm_ZAoIFV8dfXpt6XLVIfi9JGE-Brd7GARkQYUANDyjMAaB9hz8NoHoHBpOJbhxbmEyAO9ujgxjLszd4oNWkui=w1419-h942-no X Jubileuszowy  ZJAZD KASZTELA\u0143SKI komunikat\"  width=\"1418\" height=\"942\" \/><br \/>\nObiekt dysponuje dwoma parkingami: zewn\u0119trzny (na kt\u00f3rym stoi niebieski minibus) oraz wewn\u0119trzny na terenie obiektu ? na ok. 20 samochod\u00f3w ? w tym 3 autobusy).<br \/>\nOznaczenie fortu w programie dyplomowym ?Zamki w Polsce? ? <a href=\"http:\/\/www.zamkisp.pl\">www.zamkisp.pl<\/a><br \/>\n<strong>TFP05  &#8211; WCA 2192  &#8211; FORT IV  STANIS\u0141AW  \u017b\u00d3\u0141KIEWSKI<\/strong><br \/>\nNazwa pierwotna ? niemiecka \/ polska: Fort II &#8222;Yorck&#8221; \/Fort IV &#8222;Stanis\u0142aw \u017b\u00f3\u0142kiewski&#8221;<br \/>\nStrona Fortu IV :  <a href=\"http:\/\/www.fort.torun.pl\">www.fort.torun.pl<\/a><br \/>\nNiezwykle istotny dla kole\u017canek i koleg\u00f3w &#8211; kierowc\u00f3w przyje\u017cd\u017caj\u0105cych na IX Zjazd Kasztela\u0144ski w\u0142asnymi pojazdami jest sprawa wjazdu do Fortu IV ze skrzy\u017cowania<br \/>\n(w kszta\u0142cie litery T) ulic Boles\u0142awa Chrobrego i ulicy Mlecznej. Obrazuje to poni\u017csza mapka. Przegapienie zjazdu do Fortu IV (w prawo, a nast\u0119pnie w lewo i znowu w prawo)  spowoduje, \u017ce pojedziemy \u0142ukiem w lewo w ulic\u0119 Boles\u0142awa Chrobrego i musimy  zawr\u00f3ci\u0107 po to aby pojecha\u0107 prosto w kierunku ulicy Mlecznej i w po\u0142owie skrzy\u017cowania skr\u0119ci\u0107 w lewo  do wjazdu na teren Fortu IV.<br \/>\n<img loading=\"lazy\" decoding=\"async\" class=\"alignnone\"  title=\"\"  src=\"https:\/\/lh3.googleusercontent.com\/_TwR77AmqHsyPsDzQS1gsdsNl1pPXYE988_C7QbpIGL3MRXooMa9rJZYUvwFQdbsWazdc-8M28f0uTJmfHi7mdBRfUurGhb6_GBOebsgPZH-vtK0sBJ92dHAe2uKCWvydK0_RxS_5ECtomfn5yBs-u73al-ywjzpfKUZgCKmLqrSIOcdHcAT7UqiyasHOHYNyQ-pLe5vTHK9S2iiW_V8EFLyarts4whcRF22VVwd_tDnXymonmV_lpjqlxfunOHgA6B6gRLLL0yf0K5cDgzOQzMSTKisZFYKsHukT23F0RPLOEXYHu0x-yPT4j1GqsK6ZrN6cD9glLxaWkD57ZqzJBkZzHRe0bsH_BP19sJaHwoW-ywoQ0RTW9ZxhcRoU_kZGv0CaXaiyDvz2iDRHNVIBILVoeJhfOhIRxPUP-C-SgnvHQUbfiWfOq1Ga4XogH3p98GhSHAe2dEs3EUKMP4B6mQTsCFisJd8baVQJpn3y1wmNURgQhHSxKkj9kPwDASJHKpBZcNQd94Y6iuasvp5sOIfCcPn7J5hbBj3LJbdb8biIfz7XCOFHeaHC8UdL6ZWS3PNRXEdKsAWvwVmsoHGyqmCTJAbB4pFu-sTz6j2m7uGrXO0=w1256-h942-no\"  alt=\"_TwR77AmqHsyPsDzQS1gsdsNl1pPXYE988_C7QbpIGL3MRXooMa9rJZYUvwFQdbsWazdc-8M28f0uTJmfHi7mdBRfUurGhb6_GBOebsgPZH-vtK0sBJ92dHAe2uKCWvydK0_RxS_5ECtomfn5yBs-u73al-ywjzpfKUZgCKmLqrSIOcdHcAT7UqiyasHOHYNyQ-pLe5vTHK9S2iiW_V8EFLyarts4whcRF22VVwd_tDnXymonmV_lpjqlxfunOHgA6B6gRLLL0yf0K5cDgzOQzMSTKisZFYKsHukT23F0RPLOEXYHu0x-yPT4j1GqsK6ZrN6cD9glLxaWkD57ZqzJBkZzHRe0bsH_BP19sJaHwoW-ywoQ0RTW9ZxhcRoU_kZGv0CaXaiyDvz2iDRHNVIBILVoeJhfOhIRxPUP-C-SgnvHQUbfiWfOq1Ga4XogH3p98GhSHAe2dEs3EUKMP4B6mQTsCFisJd8baVQJpn3y1wmNURgQhHSxKkj9kPwDASJHKpBZcNQd94Y6iuasvp5sOIfCcPn7J5hbBj3LJbdb8biIfz7XCOFHeaHC8UdL6ZWS3PNRXEdKsAWvwVmsoHGyqmCTJAbB4pFu-sTz6j2m7uGrXO0=w1256-h942-no X Jubileuszowy  ZJAZD KASZTELA\u0143SKI komunikat\"  width=\"1256\" height=\"942\" \/><\/p>\n<p>Po dotarciu na teren fortu zapraszamy do biura X Zjazdu Kasztela\u0144skiego Bractwa Zamkowego TORU\u0143 2016  ?  pierwsze pomieszczenie po prawej (wartownia) po przej\u015bciu mostu i wej\u015bciu do koszar fortu (zgodnie z oznakowaniem informacyjnym). Tam po dokonaniu zg\u0142oszenia przyjazdu,  przydzieleniu zarezerwowanego  lokum ka\u017cdy zarejestrowany uczestnik Naszego spotkania otrzyma  pakiet powitalny ? niezb\u0119dnik zjazdowicza ;-))))<br \/>\nPrzypominamy r\u00f3wnie\u017c program X Zjazdu Kasztela\u0144skiego Bractwa Zamkowego TORU\u0143 2016:<br \/>\n<strong>Pi\u0105tek  09.09.2016r.<\/strong><br \/>\n&#8211; od 14.00 &#8211; powitanie i kwaterowanie przyby\u0142ych go\u015bci i uczestnik\u00f3w Zjazdu Kasztela\u0144skiego;<br \/>\n&#8211; ok. 20.30 ?kolacja przy ognisku oraz  nocne Polak\u00f3w i kr\u00f3tkofalowc\u00f3w rozmowy.<br \/>\n<strong>Sobota 10.09.2016r.<\/strong><br \/>\n&#8211; powitanie i kwaterowanie przyby\u0142ych go\u015bci i uczestnik\u00f3w Zjazdu Kasztela\u0144skiego;<br \/>\n&#8211; godz. 7.30 ? 9.30 ? \u015bniadanie;<br \/>\n&#8211; godz.9.00 ? 10.00 &#8211; przejazd zabytkowym autobusem miejskim Linia 413 &#8211; zwiedzanie Torunia po trasie: Fort IV ? Plac \u015aw.Katarzyny ? Szosa Lubicka ? most gen. E. Zawackiej ? \u0141\u00f3dzka ? Podg\u00f3rska ? Kujawska ? most. J.Pi\u0142sudskiego ? Aleje Jana Paw\u0142a II ? wa\u0142y gen. W\u0142adys\u0142awa Sikorskiego ? Plac \u015aw. Katarzyny.<br \/>\n&#8211; 10.00 ? 12.00 &#8211; w dalszej cz\u0119\u015bci zwiedzanie Starego i Nowego Miasta Torunia ? wycieczka<br \/>\nz przewodnikiem miejskim &#8211; Most Pauli\u0144ski ( zabytkowy obiekt znajduj\u0105cy si\u0119 poni\u017cej poziomu ulicy  obecnego miasta Toru\u0144 ? udost\u0119pniany do zwiedzania tylko kilka razy w roku),  wsp\u00f3lne zwiedzanie zamku krzy\u017cackiego w Toruniu;<br \/>\n&#8211; 12.15 ? 13.30 ? miejska gra terenowa dla zainteresowanych ( trzeba odnale\u017a\u0107  oraz zidentyfikowa\u0107 kilka obiekt\u00f3w na terenie Starego i Nowego Miasta Torunia.<br \/>\nGra z nagrodami ? podsumowania i wr\u0119czenie nagr\u00f3d podczas uroczystej kolacji.<br \/>\n12.15 ? 16.45 ? czas do dyspozycji uczestnik\u00f3w zjazdu ( samodzielne zwiedzanie Torunia, zakupy, drobne przek\u0105ski, dojazd do Fortu IV komunikacj\u0105 miejsk\u0105).<br \/>\n17.00 ? wsp\u00f3lne zdj\u0119cie wszystkich uczestnik\u00f3w X Jubileuszowego Zjazdu Kasztela\u0144skiego Bractwa Zamkowego TORU\u0143 2016, salwy armatnie artylerii bractw kurkowych z Torunia oraz Che\u0142mna z okazji zjazdu jubileuszowego.<br \/>\n17.10 ? oficjalne przywitanie przyby\u0142ych go\u015bci i uczestnik\u00f3w Zjazdu Kasztela\u0144skiego, rozpocz\u0119cie oficjalnej cz\u0119\u015bci zjazdu.  Okoliczno\u015bciowe wyst\u0105pienia. Prezentacja regionalnych ciekawostek historyczno-przyrodniczych i kulturowych regionu kujawsko-pomorskiego. wr\u0119czenie nagr\u00f3d za zawody zamkowe, zawody militarne, podsumowanie wsp\u00f3\u0142zawodnictwa, prezentacje nowych informator\u00f3w, przewodnik\u00f3w, ksi\u0105\u017cek zwi\u0105zanych z obiektami Architektura militaris.<br \/>\n17.40 ? wsp\u00f3lna biesiada, toasty, zabawa oraz rozmowy do niedzielnego poranka.<br \/>\nNiedziela 11.09.2016r.<br \/>\n&#8211; 8.00 ? 10.00 \u015bniadanie;<br \/>\n&#8211; wsp\u00f3lna kawa, herbata oraz inne napoje;<br \/>\n&#8211; po\u017cegnanie uczestnik\u00f3w X Jubileuszowego Zjazdu Kasztela\u0144skiego Bractwa Zamkowego TORU\u0143 2016 powracaj\u0105cych w rodzinne strony.<br \/>\nPodczas trwania Naszego Zjazdu Kasztela\u0144skiego z terenu fortu IV b\u0119dzie pracowa\u0142a stacja okoliczno\u015bciowa o znaku SN10ZKBZ (10 Zjazd Kasztela\u0144ski Bractwa Zamkowego).<br \/>\n<img loading=\"lazy\" decoding=\"async\" class=\"alignnone\"  title=\"\"  src=\"https:\/\/lh3.googleusercontent.com\/8BidAubLRjZAV0WPrwdxwPW-_XKTCPAXk18EG3doMTlJVjowI7EOw5f3czFSltkxkJgDY3_XjQYUFW0i0cbab-XYv7_KxIb6JkCLtU_90AZv8WImuAJdaEPtTx3O1MqzkV_jl1MTCfgYonYHaF5xnGN_gu5wJdYN29PLLbWlIHxr9FRlChshxwOarvr63eZlqVGTd3JXeyO9zMpF8tRlZkw1ayiR4rxN6oyDWy4Wji6CbODtT7W7OWnPvhhBM6rpFW7cfMF00vMkAEvaW1NSBfzqtb8mg0R1dVk0dKliNCLcgxTsY-oRlbwFp9fF8Sjthzp1Oho5koKE5MLYG0cxJb_U9gb5dxgYtwrDWLE9XMCToaNUQ-hG54fST3siA5QXlS_YsRL-987hol3oQBtnFd9V8Kw32mjn6uDempzchBwW5z1xYtbCSC6PmNBrNAbXTzxrLarAW6mt1WzC9n4jaTpDsqsprJ9qhl2mezFxu4-h56OB-qz2QI7pKJdBCbQKI4ujYV4fvzDnpxndOJ1OLUHJ_2I_GLpyfXfq8ScvU7uqxxpXbYmJBxF1qOGbYfnp9Ja9oMczxuaeSNGnOH_2QzVS9vEDsOV555jKeYmhkBFgQBBD=w1920-h636-no\"  alt=\"8BidAubLRjZAV0WPrwdxwPW-_XKTCPAXk18EG3doMTlJVjowI7EOw5f3czFSltkxkJgDY3_XjQYUFW0i0cbab-XYv7_KxIb6JkCLtU_90AZv8WImuAJdaEPtTx3O1MqzkV_jl1MTCfgYonYHaF5xnGN_gu5wJdYN29PLLbWlIHxr9FRlChshxwOarvr63eZlqVGTd3JXeyO9zMpF8tRlZkw1ayiR4rxN6oyDWy4Wji6CbODtT7W7OWnPvhhBM6rpFW7cfMF00vMkAEvaW1NSBfzqtb8mg0R1dVk0dKliNCLcgxTsY-oRlbwFp9fF8Sjthzp1Oho5koKE5MLYG0cxJb_U9gb5dxgYtwrDWLE9XMCToaNUQ-hG54fST3siA5QXlS_YsRL-987hol3oQBtnFd9V8Kw32mjn6uDempzchBwW5z1xYtbCSC6PmNBrNAbXTzxrLarAW6mt1WzC9n4jaTpDsqsprJ9qhl2mezFxu4-h56OB-qz2QI7pKJdBCbQKI4ujYV4fvzDnpxndOJ1OLUHJ_2I_GLpyfXfq8ScvU7uqxxpXbYmJBxF1qOGbYfnp9Ja9oMczxuaeSNGnOH_2QzVS9vEDsOV555jKeYmhkBFgQBBD=w1920-h636-no X Jubileuszowy  ZJAZD KASZTELA\u0143SKI komunikat\"  width=\"1920\" height=\"635\" \/><br \/>\n<img loading=\"lazy\" decoding=\"async\" class=\"alignnone\"  title=\"\"  src=\"https:\/\/lh3.googleusercontent.com\/gWZwFA6X03ulXY9u9XRP9zQmWYQQST1bjpfZ27mP721XI-J7yohcwCz5Ut0i3nzDZcHEEgiZ2mifbCcjMkqfIpPv1rkS1KG3eB1cZwpGOSEjK_0bD5OkUxiDQYf8oukt8U_k9hWEEnBMT9kcGIfrd-cUPlbW5O92nZMZozltU3Y2FSwneiW23nBog28H4BXVh54nrUMoh8iLqqg5PqpVXTqQtOjC2-4LBbSxT6ymcwgbFe-WOdssoIk8gKzR_bGanMMTyxkVThymVimZj-p7hqvx5ijQHnsLvMZ452KK1F924oF0XJNhgJugm-bdhVtdERI7dUTO731ovGRSKdlvU3qY5vhkl9ocze6pRTS9gFwJmoZmbz8NljdZbSha0qS48ZUVEtX6lm9INuPPvBwLXFrKC-wYDbW6kbfxOlAlwEvf9UV4jjCmlo0BCMGrsLQknpwzZwBPWhfMFSkKoVOLvJQgaztX5_3gnAsRwNebXUp4c28AC4a-VYCQPgqtyKCol3lJSjfIi9B8d9-ZxAsyTUpDTn9NoTMiabseisKGswuzj0ISgSHEvqnGiw2TnF_OKQktYOGqvCShzbj4v0jN3aTWlYEt_zMMguwr-M6vdL2GyNoj=w1920-h636-no\"  alt=\"gWZwFA6X03ulXY9u9XRP9zQmWYQQST1bjpfZ27mP721XI-J7yohcwCz5Ut0i3nzDZcHEEgiZ2mifbCcjMkqfIpPv1rkS1KG3eB1cZwpGOSEjK_0bD5OkUxiDQYf8oukt8U_k9hWEEnBMT9kcGIfrd-cUPlbW5O92nZMZozltU3Y2FSwneiW23nBog28H4BXVh54nrUMoh8iLqqg5PqpVXTqQtOjC2-4LBbSxT6ymcwgbFe-WOdssoIk8gKzR_bGanMMTyxkVThymVimZj-p7hqvx5ijQHnsLvMZ452KK1F924oF0XJNhgJugm-bdhVtdERI7dUTO731ovGRSKdlvU3qY5vhkl9ocze6pRTS9gFwJmoZmbz8NljdZbSha0qS48ZUVEtX6lm9INuPPvBwLXFrKC-wYDbW6kbfxOlAlwEvf9UV4jjCmlo0BCMGrsLQknpwzZwBPWhfMFSkKoVOLvJQgaztX5_3gnAsRwNebXUp4c28AC4a-VYCQPgqtyKCol3lJSjfIi9B8d9-ZxAsyTUpDTn9NoTMiabseisKGswuzj0ISgSHEvqnGiw2TnF_OKQktYOGqvCShzbj4v0jN3aTWlYEt_zMMguwr-M6vdL2GyNoj=w1920-h636-no X Jubileuszowy  ZJAZD KASZTELA\u0143SKI komunikat\"  width=\"1920\" height=\"635\" \/><br \/>\nPrzypominamy istotne informacje dla zainteresowanych zjazdem, a jeszcze wahaj\u0105cych si\u0119 z podj\u0119ciem decyzji.<br \/>\nPodczas  pisania ww. komunikatu na li\u015bcie zg\u0142oszonych mamy ok. 50 os\u00f3b. Zasadniczo zamkni\u0119ta zosta\u0142a lista rezerwacji zakwaterowania na terenie Fortu IV.<br \/>\nDla os\u00f3b kt\u00f3rym nie odpowiadaj\u0105 warunki zakwaterowania w XIX wiecznym pruskim forcie Toru\u0144 posiada bogat\u0105 baz\u0119 noclegow\u0105, kt\u00f3ra jest w stanie zaspokoi\u0107 najbardziej wybrednych. Mo\u017cna jeszcze zg\u0142asza\u0107 sw\u00f3j udzia\u0142 w uroczystej kolacji po\u0142\u0105czonej z wr\u0119czeniem nagr\u00f3d  i  dyplom\u00f3w za zawody, osi\u0105gni\u0119cia w klasyfikacji dyplomowej  ?Zamki<br \/>\nw Polsce? oraz ?Twierdze i forty? w dniu 10 wrze\u015bnia (sobota). Niezale\u017cnie od nagr\u00f3d, dyplom\u00f3w b\u0119d\u0105  to trzy dni spotka\u0144 kole\u017ce\u0144skich w niezapomnianej atmosferze toru\u0144skich fortyfikacji, zabytk\u00f3w i oczywi\u015bcie piernik\u00f3w ;-)))) ( tych starych i tych troch\u0119 m\u0142odszych ;-))) ).<br \/>\n<strong>KONTO  BANKOWE do wp\u0142ata za uczestnictwo w X Jubileuszowym Zje\u017adzie Kasztela\u0144skim Bractwa Zamkowego TORU\u0143 2016 ? dla os\u00f3b jeszcze niezdecydowanych ;-)))))<br \/>\nKR\u00d3TKOFALOWCY DLA TORUNIA I REGIONU<br \/>\nUl. Ok\u00f3lna 20C\/2<br \/>\n87-100 TORU\u0143<br \/>\n33 1600 1462 1845 8553 1000 0001<br \/>\nWp\u0142aty z dopiskiem : X Zjazd TORU\u0143 2016  &#8211; znak <\/strong><br \/>\nWszelkie zg\u0142oszenia, pytania, informacje prosz\u0119 kierowa\u0107 na e-maila: <a href=\"bravotor@poczta.onet.pl\">bravotor@poczta.onet.pl<\/a><br \/>\nOstatni komunikat IX Zjazdu Kasztela\u0144skiego Bractwa Zamkowego TORU\u0143 2016 zamie\u015bcimy ok. 4  wrze\u015bnia 2016.<br \/>\nZaczynamy odlicza\u0107 dni i godziny do Zjazdu ?. Oj, b\u0119dzie si\u0119 dzia\u0142o w Toruniu !!!!<br \/>\nB\u0118DZIE  KOSMICZNIE CIEKAWIE  zgodnie z mottem tegorocznego Zjazdu Kasztela\u0144skiego:<br \/>\nTam  si\u0119gaj, gdzie wzrok nie si\u0119ga,<br \/>\n\u0141am, czego rozum nie z\u0142amie,<br \/>\nKontakty radiowe to jest pot\u0119ga,<br \/>\nKr\u00f3tkofalarstwo to Nasze znami\u0119.<br \/>\nKto nie przyjedzie niech ju\u017c \u017ca\u0142uje;-))))  TAKI  ZJAZD  KASZTELA\u0143SKI  BRACTWA ZAMKOWEGO  JU\u017b SI\u0118 NIE  POWT\u00d3RZY ;-)))))))))))))))<br \/>\nVY 73 !   Mariusz sq2bnm, Irek sp2msf<\/p>\n<p><img loading=\"lazy\" decoding=\"async\" class=\"alignnone\"  title=\"\"  src=\"https:\/\/lh3.googleusercontent.com\/KZx_iIvGGukW5ULdHmUr-0N24s3VDYnnky_GxaazTymxANCx2u5KSOTgCEhlBVsJzisItJppWX0NoEmHwFQ0TNfcVqVR2CtL16V558ftjJlf2Mb2VTtVofNpBoIDlV5AP-uqA30dtjK6aMeZQeWBjVouSlD1ZINZPIBrVIp-AiDxPmlQeBS3ICHm-7UD8447QMRPSmdh__6iQ_Ppa3dfYaS_1RXmRBZEkTgFjO1RYCcTmqdTJ529RyYVgbIlCZH3KB7mX6XJHlvzmZm8nhNsQtO3P_FBhWt0x9ZijA57T6u-oyYkIiUKNB02wSXm2wH62eqNgiPDrK0qpGnAyfCKO8m8S-c-LCP6gYU7DN0r82dQjzuwzmP0_ULu0CrSiUBJxAVg8kQHx5oVR_3I-7QXDdvRxDHIOTh-CLMIO8gp8kjQanMF89mTuzgmP6pmERzazEy1up6TpHJMIgSKIKyUDLJrZT28kkZnZMN3dgct48cFdiwnxLsVVo7Sb4OM3w488Ic5VODxk-URQgpQzcEkUrFqDrQ2JpgsLXQpuz6bBny7hbaesueJZ_0MIKp07GNUFqac1r8xtJ98CYPfofP_N3IXaT_RU-Guph9Uw0h6hMIqgmZa=w181-h180-no\"  alt=\"KZx_iIvGGukW5ULdHmUr-0N24s3VDYnnky_GxaazTymxANCx2u5KSOTgCEhlBVsJzisItJppWX0NoEmHwFQ0TNfcVqVR2CtL16V558ftjJlf2Mb2VTtVofNpBoIDlV5AP-uqA30dtjK6aMeZQeWBjVouSlD1ZINZPIBrVIp-AiDxPmlQeBS3ICHm-7UD8447QMRPSmdh__6iQ_Ppa3dfYaS_1RXmRBZEkTgFjO1RYCcTmqdTJ529RyYVgbIlCZH3KB7mX6XJHlvzmZm8nhNsQtO3P_FBhWt0x9ZijA57T6u-oyYkIiUKNB02wSXm2wH62eqNgiPDrK0qpGnAyfCKO8m8S-c-LCP6gYU7DN0r82dQjzuwzmP0_ULu0CrSiUBJxAVg8kQHx5oVR_3I-7QXDdvRxDHIOTh-CLMIO8gp8kjQanMF89mTuzgmP6pmERzazEy1up6TpHJMIgSKIKyUDLJrZT28kkZnZMN3dgct48cFdiwnxLsVVo7Sb4OM3w488Ic5VODxk-URQgpQzcEkUrFqDrQ2JpgsLXQpuz6bBny7hbaesueJZ_0MIKp07GNUFqac1r8xtJ98CYPfofP_N3IXaT_RU-Guph9Uw0h6hMIqgmZa=w181-h180-no X Jubileuszowy  ZJAZD KASZTELA\u0143SKI komunikat\"  width=\"181\" height=\"180\" \/><img loading=\"lazy\" decoding=\"async\" class=\"alignnone\"  title=\"\"  src=\"https:\/\/lh3.googleusercontent.com\/gdKJRcHzWXhZO08GkdK21D2IPROGq2qdrEUbzZ7ahjN58qjTjO6eqzcMKfKeFaXL6kHw0amGGk0kmJGTOPwkk0BnSrjgfFiawoD8zzatvVO876m2fv56b4q93nYnhnqOulv6Ca-EOeOimYBG-jBNSb4p4t9yCtSH2uzfYJHfSYCGlJoJhh5GD0IygdkpiY_9Te5tK98HbNDYSNVBaoaKFVkeeesI1eljC1cq2bTomCLWx6I2mG_KXXxzr2VO1gtQiVixDHL0UDJ4Pe2GD9-HkTZEZX9BwmAfKF2yzvBPy79_wwXd66-7LgpAqrYNSblTx-pfp_sjLj1p0UO9btzvvBqMtBD9MzsbtD6tn59up6UCIAWuRgzaXHLg0V6M0xV8TNS7sGeemDWrWUN-iD-h1IAToKe6ZlfqabUcyR1lXyxMdlg7t-Cbwwmocbpm9CfFpEMLKkNlFfGstoaeg5zJ7PhPx63mn-mQ8VA7wcVguqV9epTw8hOsUVcOvLX0iamsLPH9m97dXxhs2p-CZECKVJkFaXo2jcyUR0FCL2cDImRc5HC87rOdpI5WSVmBxRQlzDH1tpQt_TrDsGh5PqcDI0Dq9Hura9hHjRd6N0VoomNs-zbQ=w174-h170-no\"  alt=\"gdKJRcHzWXhZO08GkdK21D2IPROGq2qdrEUbzZ7ahjN58qjTjO6eqzcMKfKeFaXL6kHw0amGGk0kmJGTOPwkk0BnSrjgfFiawoD8zzatvVO876m2fv56b4q93nYnhnqOulv6Ca-EOeOimYBG-jBNSb4p4t9yCtSH2uzfYJHfSYCGlJoJhh5GD0IygdkpiY_9Te5tK98HbNDYSNVBaoaKFVkeeesI1eljC1cq2bTomCLWx6I2mG_KXXxzr2VO1gtQiVixDHL0UDJ4Pe2GD9-HkTZEZX9BwmAfKF2yzvBPy79_wwXd66-7LgpAqrYNSblTx-pfp_sjLj1p0UO9btzvvBqMtBD9MzsbtD6tn59up6UCIAWuRgzaXHLg0V6M0xV8TNS7sGeemDWrWUN-iD-h1IAToKe6ZlfqabUcyR1lXyxMdlg7t-Cbwwmocbpm9CfFpEMLKkNlFfGstoaeg5zJ7PhPx63mn-mQ8VA7wcVguqV9epTw8hOsUVcOvLX0iamsLPH9m97dXxhs2p-CZECKVJkFaXo2jcyUR0FCL2cDImRc5HC87rOdpI5WSVmBxRQlzDH1tpQt_TrDsGh5PqcDI0Dq9Hura9hHjRd6N0VoomNs-zbQ=w174-h170-no X Jubileuszowy  ZJAZD KASZTELA\u0143SKI komunikat\"  width=\"174\" height=\"170\" \/><img loading=\"lazy\" decoding=\"async\" class=\"alignnone\"  title=\"\"  src=\"https:\/\/lh3.googleusercontent.com\/N1pg1rmq7HNObU5-qbVOWTqHeO4ljoY7IBnZXoYJMYfF7XUBpPPh9ENiY1CIpMwYXmIe5Mot32URC_xJchqFykKe8I1enS4MIuTM5APlUro2ELVWOJvDWV95umpgqr2aOQNbw39yAWxD4FZmYnSAcX831FgJfLKf5Cf1FNcI2xIeKnDQnNt6TzQH4J39nOWui1FTnW_2aLMMCM0aE4fNAEgBGsa8vs8WuCCxbsmXo0N9PdUNBGXe9e5kEHCMKNxieQJiuegYxhXpIqzxlJ3irNLcCJlRqbuV3UvHl39XAMTiGUW-wqmGjjZOEkFvgKpuQt_p2IJ1W5wKWplbaKfitSimbjXBmWgumz94KIeoPU67mkphNv7ut-XwkrsAGba6U9aaZTsUMLVj7cRUn-VVY5wtURmiNN4gN-b9and-BnUPf48YuHX8d1zYH8xcJ_v5oeMJGyMhSNZHOpW7i-MiC1ns9GKe8oC2gzBgJOuisnrcfGbrByBqcNupvGMhfoyNQBofIZ2fopnpKhZGn2-n5eSIHf8oIpPAb1cl_7iAdgVwza89IQqBbAN8kfEvjE50wUhVKqcDpK801o3NL_PSCvWc92qrvU_RzqsPWlkngyQ9Kroq=w204-h203-no\"  alt=\"N1pg1rmq7HNObU5-qbVOWTqHeO4ljoY7IBnZXoYJMYfF7XUBpPPh9ENiY1CIpMwYXmIe5Mot32URC_xJchqFykKe8I1enS4MIuTM5APlUro2ELVWOJvDWV95umpgqr2aOQNbw39yAWxD4FZmYnSAcX831FgJfLKf5Cf1FNcI2xIeKnDQnNt6TzQH4J39nOWui1FTnW_2aLMMCM0aE4fNAEgBGsa8vs8WuCCxbsmXo0N9PdUNBGXe9e5kEHCMKNxieQJiuegYxhXpIqzxlJ3irNLcCJlRqbuV3UvHl39XAMTiGUW-wqmGjjZOEkFvgKpuQt_p2IJ1W5wKWplbaKfitSimbjXBmWgumz94KIeoPU67mkphNv7ut-XwkrsAGba6U9aaZTsUMLVj7cRUn-VVY5wtURmiNN4gN-b9and-BnUPf48YuHX8d1zYH8xcJ_v5oeMJGyMhSNZHOpW7i-MiC1ns9GKe8oC2gzBgJOuisnrcfGbrByBqcNupvGMhfoyNQBofIZ2fopnpKhZGn2-n5eSIHf8oIpPAb1cl_7iAdgVwza89IQqBbAN8kfEvjE50wUhVKqcDpK801o3NL_PSCvWc92qrvU_RzqsPWlkngyQ9Kroq=w204-h203-no X Jubileuszowy  ZJAZD KASZTELA\u0143SKI komunikat\"  width=\"204\" height=\"203\" \/><\/p>\n","protected":false},"excerpt":{"rendered":"<p>X JUBILEUSZOWY ZJAZD KASZTELA\u0143SKI TORU\u0143 09 ? 11 wrzesie\u0144 2016r. KOMUNIKAT ORGANIZACYJNY Nr 5 Witamy i zapraszamy do zapoznania si\u0119 z przedostatnim komunikatem dotycz\u0105cym X Jubileuszowego Zjazdu Kasztela\u0144skiego Bractwa Zamkowego TORU\u0143 2016. Z kronikarskiego obowi\u0105zku przypominamy, \u017ce Nasz\u0105 imprez\u0119 PATRONATEM HONOROWYM obj\u0119li : Pan Piotr CA\u0141BECKI &#8211; Marsza\u0142ek Wojew\u00f3dztwa Kujawsko ? Pomorskiego Pan Micha\u0142 ZALESKI [&hellip;]<\/p>\n","protected":false},"author":1,"featured_media":0,"comment_status":"closed","ping_status":"open","sticky":false,"template":"","format":"standard","meta":{"ngg_post_thumbnail":0,"footnotes":""},"categories":[9],"tags":[],"class_list":["post-93","post","type-post","status-publish","format-standard","hentry","category-aktualnosci"],"_links":{"self":[{"href":"https:\/\/www.sp2tmt.pl\/index.php?rest_route=\/wp\/v2\/posts\/93","targetHints":{"allow":["GET"]}}],"collection":[{"href":"https:\/\/www.sp2tmt.pl\/index.php?rest_route=\/wp\/v2\/posts"}],"about":[{"href":"https:\/\/www.sp2tmt.pl\/index.php?rest_route=\/wp\/v2\/types\/post"}],"author":[{"embeddable":true,"href":"https:\/\/www.sp2tmt.pl\/index.php?rest_route=\/wp\/v2\/users\/1"}],"replies":[{"embeddable":true,"href":"https:\/\/www.sp2tmt.pl\/index.php?rest_route=%2Fwp%2Fv2%2Fcomments&post=93"}],"version-history":[{"count":18,"href":"https:\/\/www.sp2tmt.pl\/index.php?rest_route=\/wp\/v2\/posts\/93\/revisions"}],"predecessor-version":[{"id":2615,"href":"https:\/\/www.sp2tmt.pl\/index.php?rest_route=\/wp\/v2\/posts\/93\/revisions\/2615"}],"wp:attachment":[{"href":"https:\/\/www.sp2tmt.pl\/index.php?rest_route=%2Fwp%2Fv2%2Fmedia&parent=93"}],"wp:term":[{"taxonomy":"category","embeddable":true,"href":"https:\/\/www.sp2tmt.pl\/index.php?rest_route=%2Fwp%2Fv2%2Fcategories&post=93"},{"taxonomy":"post_tag","embeddable":true,"href":"https:\/\/www.sp2tmt.pl\/index.php?rest_route=%2Fwp%2Fv2%2Ftags&post=93"}],"curies":[{"name":"wp","href":"https:\/\/api.w.org\/{rel}","templated":true}]}}